{"id":90596,"date":"2016-04-01T08:17:18","date_gmt":"2016-04-01T06:17:18","guid":{"rendered":"http:\/\/www.ifun.de\/?p=90596"},"modified":"2016-04-01T09:12:56","modified_gmt":"2016-04-01T07:12:56","slug":"40-jahre-apple","status":"publish","type":"post","link":"https:\/\/www.ifun.de\/40-jahre-apple-90596\/","title":{"rendered":"40 Jahre Apple"},"content":{"rendered":"<p>Ihr erinnert euch vielleicht an das w\u00e4hrend Apples M\u00e4rz-Event gezeigte Video \u201e40 Years in 40 Seconds\u201c? Heute ist der richtige Tag, es zu zeigen. Vor genau 40 Jahren, am 1. April 1976, haben Steve Jobs und Steve Wozniak gemeinsam mit dem unbekannteren und bereits kurz sp\u00e4ter wieder ausgestiegenen Ron Wayne Apple gegr\u00fcndet.<\/p>\n<p><a href=\"http:\/\/images.ifun.de\/wp-content\/uploads\/2016\/04\/500.jpg\" rel=\"attachment wp-att-90598\"><img loading=\"lazy\" decoding=\"async\" src=\"http:\/\/images.ifun.de\/wp-content\/uploads\/2016\/04\/500.jpg\" alt=\"500\" width=\"500\" height=\"374\" class=\"alignnone size-full wp-image-90598\" srcset=\"https:\/\/images.ifun.de\/wp-content\/uploads\/2016\/04\/500.jpg 500w, https:\/\/images.ifun.de\/wp-content\/uploads\/2016\/04\/500-300x224.jpg 300w\" sizes=\"auto, (max-width: 500px) 100vw, 500px\" \/><\/a><\/p>\n<p>Das Unternehmen erlebte in den vergangen 40 Jahren so einige H\u00f6hen und Tiefen, mit dem ersten Produkt, dem Apple I, schrieb die junge Firma allerdings bereits Computergeschichte. Ebenso 1984 mit dem Macintosh sowie dem iMac im Jahr 1998. Zwischenzeitlich hatte der mittlerweile verstorbene, langj\u00e4hrige Apple-Chef Steve Jobs aufgrund interner Querelen das Unternehmen verlassen und Apple hielt sich knappe elf Jahre mit m\u00e4\u00dfigem Erfolg unter wechselnder F\u00fchrung \u00fcber Wasser.<\/p>\n<p>Der steile Weg nach oben begann mit Jobs R\u00fcckkehr im Jahr 1996 und der kurz darauf folgenden Vorstellung des ersten iMac. Jobs krempelte das Unternehmen um und schuf mit dem 2001 vorgestellten iPod die Basis f\u00fcr einen wesentlichen Teil des heutigen Erfolgs der Firma.<\/p>\n<h6>Apple I &#8211; Bild: <a href=\"https:\/\/www.flickr.com\/photos\/rebelpilot\/1175183\/\">Rebelpilot\/Flickr<\/a>)<\/h6>\n<h2>40 Jahre in 40 Sekunden<\/h2>\n<p>Das unten eingebettete Video zeigt die Firmengeschichte Apples im Schnelldurchlauf:<\/p>\n<p><div class=\"responsive-video\"><iframe loading=\"lazy\" width=\"700\" height=\"394\" src=\"https:\/\/www.youtube-nocookie.com\/embed\/mtY0K2fiFOA?rel=0\" frameborder=\"0\" allowfullscreen><\/iframe><\/div><\/p>\n","protected":false},"excerpt":{"rendered":"<a href=\"https:\/\/www.ifun.de\/40-jahre-apple-90596\/\"><img width=\"150\" height=\"150\" src=\"https:\/\/images.ifun.de\/wp-content\/uploads\/2016\/04\/500-150x150.jpg\" class=\"alignright tfe wp-post-image\" alt=\"\" decoding=\"async\" loading=\"lazy\" \/><\/a><p>Ihr erinnert euch vielleicht an das w\u00e4hrend Apples M\u00e4rz-Event gezeigte Video \u201e40 Years in 40 Seconds\u201c? Heute ist der richtige Tag, es zu zeigen. Vor genau 40 Jahren, am 1. April 1976, haben Steve Jobs und Steve Wozniak gemeinsam mit dem unbekannteren und bereits kurz sp\u00e4ter wieder ausgestiegenen Ron Wayne Apple gegr\u00fcndet. Das Unternehmen erlebte [&hellip;]<\/p>\n","protected":false},"author":2,"featured_media":90598,"comment_status":"open","ping_status":"closed","sticky":false,"template":"","format":"standard","meta":{"_acf_changed":false,"footnotes":""},"categories":[3],"tags":[4736],"class_list":["post-90596","post","type-post","status-publish","format-standard","has-post-thumbnail","hentry","category-apple","tag-apple"],"acf":[],"aioseo_notices":[],"featured_image":["http:\/\/images.ifun.de\/wp-content\/uploads\/2016\/03\/apple-cupertino-flaggen.jpg"],"rest_api_enabler":{"featured_image":"http:\/\/images.ifun.de\/wp-content\/uploads\/2016\/03\/apple-cupertino-flaggen.jpg"},"_links":{"self":[{"href":"https:\/\/www.ifun.de\/apiv2\/wp\/v2\/posts\/90596","targetHints":{"allow":["GET"]}}],"collection":[{"href":"https:\/\/www.ifun.de\/apiv2\/wp\/v2\/posts"}],"about":[{"href":"https:\/\/www.ifun.de\/apiv2\/wp\/v2\/types\/post"}],"author":[{"embeddable":true,"href":"https:\/\/www.ifun.de\/apiv2\/wp\/v2\/users\/2"}],"replies":[{"embeddable":true,"href":"https:\/\/www.ifun.de\/apiv2\/wp\/v2\/comments?post=90596"}],"version-history":[{"count":14,"href":"https:\/\/www.ifun.de\/apiv2\/wp\/v2\/posts\/90596\/revisions"}],"predecessor-version":[{"id":90612,"href":"https:\/\/www.ifun.de\/apiv2\/wp\/v2\/posts\/90596\/revisions\/90612"}],"wp:featuredmedia":[{"embeddable":true,"href":"https:\/\/www.ifun.de\/apiv2\/wp\/v2\/media\/90598"}],"wp:attachment":[{"href":"https:\/\/www.ifun.de\/apiv2\/wp\/v2\/media?parent=90596"}],"wp:term":[{"taxonomy":"category","embeddable":true,"href":"https:\/\/www.ifun.de\/apiv2\/wp\/v2\/categories?post=90596"},{"taxonomy":"post_tag","embeddable":true,"href":"https:\/\/www.ifun.de\/apiv2\/wp\/v2\/tags?post=90596"}],"curies":[{"name":"wp","href":"https:\/\/api.w.org\/{rel}","templated":true}]}}