{"id":90485,"date":"2016-03-30T14:31:14","date_gmt":"2016-03-30T12:31:14","guid":{"rendered":"http:\/\/www.ifun.de\/?p=90485"},"modified":"2016-03-30T14:31:14","modified_gmt":"2016-03-30T12:31:14","slug":"macos-statt-os-x-hinweis-auf-moegliche-umbenennung","status":"publish","type":"post","link":"https:\/\/www.ifun.de\/macos-statt-os-x-hinweis-auf-moegliche-umbenennung-90485\/","title":{"rendered":"macOS statt OS X: Hinweis auf m\u00f6gliche Umbenennung"},"content":{"rendered":"<p>Ihr erinnert euch an den Gedanken, dass Apple OS X konsequenterweise <a href=\"http:\/\/www.ifun.de\/wird-os-x-zu-macos-eine-umbenennung-waere-konsequent-und-hilfreich-89731\/\" title=\"Wird OS X zu macOS? Eine Umbenennung w\u00e4re konsequent und hilfreich\">in macOS umbenennen m\u00fcsste<\/a>? Wie es scheint, k\u00f6nnte da tats\u00e4chlich was draus werden. In der aktuellen OS-X-Version 10.11.4 findet sich ein erster Hinweis in dieser Richtung.<\/p>\n<p><a href=\"http:\/\/images.ifun.de\/wp-content\/uploads\/2016\/03\/macos-flight-controller.jpg\" rel=\"attachment wp-att-90486\"><img loading=\"lazy\" decoding=\"async\" src=\"http:\/\/images.ifun.de\/wp-content\/uploads\/2016\/03\/macos-flight-controller.jpg\" alt=\"macos-flight-controller\" width=\"500\" height=\"426\" class=\"alignnone size-full wp-image-90486\" srcset=\"https:\/\/images.ifun.de\/wp-content\/uploads\/2016\/03\/macos-flight-controller.jpg 500w, https:\/\/images.ifun.de\/wp-content\/uploads\/2016\/03\/macos-flight-controller-300x256.jpg 300w\" sizes=\"auto, (max-width: 500px) 100vw, 500px\" \/><\/a><\/p>\n<p>Die brasilianische Webseite <a href=\"https:\/\/translate.google.com\/translate?sl=auto&amp;tl=en&amp;js=y&amp;prev=_t&amp;hl=de&amp;ie=UTF-8&amp;u=https%3A%2F%2Fmacmagazine.com.br%2F2016%2F03%2F29%2Fcodigo-do-10-11-4-sugere-que-apple-mudara-mesmo-o-nome-do-sistema-de-os-x-para-macos%2F&amp;edit-text=\">MacMagazine<\/a> hat in den Tiefen von OS X eine Datei gefunden, die den Namen \u201eFlightViewController macOS.nib\u201c tr\u00e4gt. Die Datei ist Bestandteil des sogenannten FlightUtilities-Frameworks, ein mit OS X ausgeliefertes Programmierger\u00fcst.<\/p>\n<p>Dem Bericht aus Brasilien zufolge tr\u00e4gt die Datei das \u201emacOS\u201c erst seit der aktuellen Systemversion 10.11.4 im Namen. Somit k\u00f6nnte dies in der Tat ein ernst zu nehmender Hinweis auf eine bevorstehende Umbenennung von OS X werden. Konsequent w\u00e4re dies mit Blick auf die restlichen Apple-Betriebssysteme iOS, tvOS und watchOS auf jeden Fall.<\/p>\n","protected":false},"excerpt":{"rendered":"<a href=\"https:\/\/www.ifun.de\/macos-statt-os-x-hinweis-auf-moegliche-umbenennung-90485\/\"><img width=\"150\" height=\"150\" src=\"https:\/\/images.ifun.de\/wp-content\/uploads\/2016\/03\/os-x-el-capitan-header-1-150x150.jpg\" class=\"alignright tfe wp-post-image\" alt=\"\" decoding=\"async\" loading=\"lazy\" \/><\/a><p>Ihr erinnert euch an den Gedanken, dass Apple OS X konsequenterweise in macOS umbenennen m\u00fcsste? Wie es scheint, k\u00f6nnte da tats\u00e4chlich was draus werden. In der aktuellen OS-X-Version 10.11.4 findet sich ein erster Hinweis in dieser Richtung. Die brasilianische Webseite MacMagazine hat in den Tiefen von OS X eine Datei gefunden, die den Namen \u201eFlightViewController [&hellip;]<\/p>\n","protected":false},"author":2,"featured_media":90487,"comment_status":"open","ping_status":"closed","sticky":false,"template":"","format":"standard","meta":{"_acf_changed":false,"footnotes":""},"categories":[16],"tags":[6321,3095,293],"class_list":["post-90485","post","type-post","status-publish","format-standard","has-post-thumbnail","hentry","category-mac","tag-mac","tag-macos","tag-os-x"],"acf":[],"aioseo_notices":[],"featured_image":["http:\/\/images.ifun.de\/wp-content\/uploads\/2016\/03\/os-x-el-capitan-header-1.jpg"],"rest_api_enabler":{"featured_image":"http:\/\/images.ifun.de\/wp-content\/uploads\/2016\/03\/os-x-el-capitan-header-1.jpg"},"_links":{"self":[{"href":"https:\/\/www.ifun.de\/apiv2\/wp\/v2\/posts\/90485","targetHints":{"allow":["GET"]}}],"collection":[{"href":"https:\/\/www.ifun.de\/apiv2\/wp\/v2\/posts"}],"about":[{"href":"https:\/\/www.ifun.de\/apiv2\/wp\/v2\/types\/post"}],"author":[{"embeddable":true,"href":"https:\/\/www.ifun.de\/apiv2\/wp\/v2\/users\/2"}],"replies":[{"embeddable":true,"href":"https:\/\/www.ifun.de\/apiv2\/wp\/v2\/comments?post=90485"}],"version-history":[{"count":1,"href":"https:\/\/www.ifun.de\/apiv2\/wp\/v2\/posts\/90485\/revisions"}],"predecessor-version":[{"id":90488,"href":"https:\/\/www.ifun.de\/apiv2\/wp\/v2\/posts\/90485\/revisions\/90488"}],"wp:featuredmedia":[{"embeddable":true,"href":"https:\/\/www.ifun.de\/apiv2\/wp\/v2\/media\/90487"}],"wp:attachment":[{"href":"https:\/\/www.ifun.de\/apiv2\/wp\/v2\/media?parent=90485"}],"wp:term":[{"taxonomy":"category","embeddable":true,"href":"https:\/\/www.ifun.de\/apiv2\/wp\/v2\/categories?post=90485"},{"taxonomy":"post_tag","embeddable":true,"href":"https:\/\/www.ifun.de\/apiv2\/wp\/v2\/tags?post=90485"}],"curies":[{"name":"wp","href":"https:\/\/api.w.org\/{rel}","templated":true}]}}