{"id":90384,"date":"2016-03-29T07:12:13","date_gmt":"2016-03-29T05:12:13","guid":{"rendered":"http:\/\/www.ifun.de\/?p=90384"},"modified":"2016-03-29T10:18:29","modified_gmt":"2016-03-29T08:18:29","slug":"neue-version-von-ios-9-3-soll-aktivierungsprobleme-final-beheben","status":"publish","type":"post","link":"https:\/\/www.ifun.de\/neue-version-von-ios-9-3-soll-aktivierungsprobleme-final-beheben-90384\/","title":{"rendered":"Neue Version von iOS 9.3 soll Aktivierungsprobleme final beheben"},"content":{"rendered":"<p>Besitzer von iOS-Ger\u00e4ten, die trotz aller bisherigen Versuche die Probleme mit der Aktivierungssperre nach Installation von iOS 9.3 nicht beheben konnten, sollten erneut die Softwareaktualisierung anwerfen bzw. einen weiteren Wiederherstellungsversuch unternehmen. Apple hat nun f\u00fcr alle betroffenen Ger\u00e4te eine \u00fcberarbeitete Version von iOS 9.3 bereitgestellt.<\/p>\n<p><a href=\"http:\/\/images.ifun.de\/wp-content\/uploads\/2016\/03\/93update.jpg\" rel=\"attachment wp-att-90385\"><img loading=\"lazy\" decoding=\"async\" src=\"http:\/\/images.ifun.de\/wp-content\/uploads\/2016\/03\/93update.jpg\" alt=\"93update\" width=\"500\" height=\"102\" class=\"alignnone size-full wp-image-90385\" srcset=\"https:\/\/images.ifun.de\/wp-content\/uploads\/2016\/03\/93update.jpg 500w, https:\/\/images.ifun.de\/wp-content\/uploads\/2016\/03\/93update-300x61.jpg 300w\" sizes=\"auto, (max-width: 500px) 100vw, 500px\" \/><\/a><\/p>\n<p>Wir konnten ja bereits vor dem Osterwochenende von der Ver\u00f6ffentlichung einer iOS-9.3-Version mit der Build-Nummer 13E236 <a href=\"http:\/\/www.ifun.de\/ipad-aktivierungsprobleme-bei-wiederherstellung-wird-teils-ios-9-2-1installiert-90314\/\">berichten<\/a>, diese stand aber nur f\u00fcr einen Teil der betroffenen iPad-Modelle zur Verf\u00fcgung. Am gestrigen Montag hat Apple nun zus\u00e4tzlich eine Version von iOS 9.3 mit der Build-Nummer 13E237 ver\u00f6ffentlicht, die weitere Ger\u00e4te unterst\u00fctzt, darunter auch das iPad mini.<\/p>\n<p>Ausf\u00fchrliche Informationen zu den einzelnen von Apple ver\u00f6ffentlichten iOS-Versionen finden sich auf der Webseite <a href=\"https:\/\/ipsw.me\">IPSW Downloads<\/a>. Wir empfehlen den Download der Updates aber stets direkt \u00fcber iTunes bzw. die Softwareaktualisierung.<\/p>\n","protected":false},"excerpt":{"rendered":"<a href=\"https:\/\/www.ifun.de\/neue-version-von-ios-9-3-soll-aktivierungsprobleme-final-beheben-90384\/\"><img width=\"150\" height=\"102\" src=\"https:\/\/images.ifun.de\/wp-content\/uploads\/2016\/03\/93update-150x102.jpg\" class=\"alignright tfe wp-post-image\" alt=\"\" decoding=\"async\" loading=\"lazy\" \/><\/a><p>Besitzer von iOS-Ger\u00e4ten, die trotz aller bisherigen Versuche die Probleme mit der Aktivierungssperre nach Installation von iOS 9.3 nicht beheben konnten, sollten erneut die Softwareaktualisierung anwerfen bzw. einen weiteren Wiederherstellungsversuch unternehmen. Apple hat nun f\u00fcr alle betroffenen Ger\u00e4te eine \u00fcberarbeitete Version von iOS 9.3 bereitgestellt. Wir konnten ja bereits vor dem Osterwochenende von der Ver\u00f6ffentlichung [&hellip;]<\/p>\n","protected":false},"author":2,"featured_media":90385,"comment_status":"open","ping_status":"closed","sticky":false,"template":"","format":"standard","meta":{"_acf_changed":false,"footnotes":""},"categories":[9,1783],"tags":[2926,69],"class_list":["post-90384","post","type-post","status-publish","format-standard","has-post-thumbnail","hentry","category-ios","category-feature","tag-ios-9-3","tag-update"],"acf":[],"aioseo_notices":[],"featured_image":["http:\/\/images.ifun.de\/wp-content\/uploads\/2014\/10\/ipad-air-2-header.jpg"],"rest_api_enabler":{"featured_image":"http:\/\/images.ifun.de\/wp-content\/uploads\/2014\/10\/ipad-air-2-header.jpg"},"_links":{"self":[{"href":"https:\/\/www.ifun.de\/apiv2\/wp\/v2\/posts\/90384","targetHints":{"allow":["GET"]}}],"collection":[{"href":"https:\/\/www.ifun.de\/apiv2\/wp\/v2\/posts"}],"about":[{"href":"https:\/\/www.ifun.de\/apiv2\/wp\/v2\/types\/post"}],"author":[{"embeddable":true,"href":"https:\/\/www.ifun.de\/apiv2\/wp\/v2\/users\/2"}],"replies":[{"embeddable":true,"href":"https:\/\/www.ifun.de\/apiv2\/wp\/v2\/comments?post=90384"}],"version-history":[{"count":6,"href":"https:\/\/www.ifun.de\/apiv2\/wp\/v2\/posts\/90384\/revisions"}],"predecessor-version":[{"id":90391,"href":"https:\/\/www.ifun.de\/apiv2\/wp\/v2\/posts\/90384\/revisions\/90391"}],"wp:featuredmedia":[{"embeddable":true,"href":"https:\/\/www.ifun.de\/apiv2\/wp\/v2\/media\/90385"}],"wp:attachment":[{"href":"https:\/\/www.ifun.de\/apiv2\/wp\/v2\/media?parent=90384"}],"wp:term":[{"taxonomy":"category","embeddable":true,"href":"https:\/\/www.ifun.de\/apiv2\/wp\/v2\/categories?post=90384"},{"taxonomy":"post_tag","embeddable":true,"href":"https:\/\/www.ifun.de\/apiv2\/wp\/v2\/tags?post=90384"}],"curies":[{"name":"wp","href":"https:\/\/api.w.org\/{rel}","templated":true}]}}