{"id":90346,"date":"2016-03-25T12:14:24","date_gmt":"2016-03-25T11:14:24","guid":{"rendered":"http:\/\/www.ifun.de\/?p=90346"},"modified":"2016-03-25T12:14:24","modified_gmt":"2016-03-25T11:14:24","slug":"videotipps-apple-tv-werbung-apples-maerz-event-amazon-freitagskino","status":"publish","type":"post","link":"https:\/\/www.ifun.de\/videotipps-apple-tv-werbung-apples-maerz-event-amazon-freitagskino-90346\/","title":{"rendered":"Videotipps: Apple-TV-Werbung, Apples M\u00e4rz-Event, Amazon-Freitagskino"},"content":{"rendered":"<p>Ein Blick auf den Regenradar l\u00e4sst erahnen, dass am heutigen Freitag ganz Deutschland unter einen grauen Wolkendecke liegt. Falls bei euch aufgrund dessen Heimkino angesagt ist, haben wir hier ein paar Videotipps.<\/p>\n<h2>Neuer Werbespot f\u00fcr Apple TV<\/h2>\n<p>Apple hat einen neuen Werbespot f\u00fcr Apple TV ver\u00f6ffentlicht. Damit l\u00e4sst sich zwar der Tag nicht bestreiten, aber wir bekommen den 60 Sekunden langen Clip hier mit unter und m\u00fcssen deswegen keinen separaten Newseintrag schreiben.<\/p>\n<p><div class=\"responsive-video\"><iframe loading=\"lazy\" width=\"700\" height=\"394\" src=\"https:\/\/www.youtube-nocookie.com\/embed\/-F6tUN2j0Iw?rel=0\" frameborder=\"0\" allowfullscreen><\/iframe><\/div><\/p>\n<h2>Aufzeichnung von Apples M\u00e4rz-Keynote<\/h2>\n<p>Etwas l\u00e4nger, wenngleich im Vergleich zu den letzten Veranstaltungen dieser Art \u00fcberraschend kurz, ist die nun bei YouTube verf\u00fcgbare Aufzeichnung von Apples M\u00e4rz-Event. Auf 63 Minuten L\u00e4nge k\u00f6nnt ihr euch hier unter anderem die Vorstellung des <a href=\"http:\/\/www.ifun.de\/apple-stellt-neues-ipad-pro-mit-97-bildschirm-und-bis-zu-256-gb-speicher-vor-90015\/\" title=\"Neues iPad Pro 9,7\u201c als iPad-Air-Nachfolger\">neuen iPad Pro<\/a> und des <a href=\"http:\/\/www.iphone-ticker.de\/iphone-se-genau-so-schnell-wie-das-iphone-6s-94428\/\" title=\"iPhone SE: Apples neues 4-Zoll-iPhone\">iPhone SE<\/a> noch einmal in Ruhe ansehen.<\/p>\n<p><div class=\"responsive-video\"><iframe loading=\"lazy\" width=\"700\" height=\"394\" src=\"https:\/\/www.youtube-nocookie.com\/embed\/0wIiDnjz4X4?rel=0\" frameborder=\"0\" allowfullscreen><\/iframe><\/div><\/p>\n<h2>Freitagskino bei Amazon<\/h2>\n<p>Auf die M\u00f6glichkeit, den letztes Jahr in die Kinos gekommenen Spielfilm \u201eSteve Jobs\u201c nun auch online auszuleihen, haben wir diese Woche bereits <a href=\"http:\/\/www.ifun.de\/filmbiografie-steve-jobs-als-leihfilm-bei-itunes-und-amazon-90273\/\" title=\"Filmbiografie \u201eSteve Jobs\u201c als Leihfilm bei iTunes und Amazon\">hingewiesen<\/a>. Zudem hei\u00dft es bei Amazon Video heute wieder <a rel=\"noindex, nofollow\" href=\"http:\/\/www.amazon.de\/gp\/video\/splash\/t\/freitagskino\/ref=as_li_ss_tl?_encoding=UTF8&amp;camp=1638&amp;creative=19454&amp;linkCode=ur2&amp;node=3010075031&amp;site-redirect=de&amp;tag=musicweb02\" title=\"Amazon Video\">Freitag-Filmeabend<\/a> mit zehn verschiedenen Leihfilmen f\u00fcr jeweils nur 99 Cent. Das Angebot ist wie immer bunt gemischt, von spa\u00dfiger Unterhaltung \u00fcber die Musik-Doku \u201eAmy\u201c bis hin zum packenden Thriller.<\/p>\n<p><a href=\"http:\/\/images.ifun.de\/wp-content\/uploads\/2016\/03\/filme.jpg\" rel=\"attachment wp-att-90347\"><img loading=\"lazy\" decoding=\"async\" src=\"http:\/\/images.ifun.de\/wp-content\/uploads\/2016\/03\/filme.jpg\" alt=\"filme\" width=\"700\" height=\"397\" class=\"alignnone size-full wp-image-90347\" srcset=\"https:\/\/images.ifun.de\/wp-content\/uploads\/2016\/03\/filme.jpg 700w, https:\/\/images.ifun.de\/wp-content\/uploads\/2016\/03\/filme-300x170.jpg 300w\" sizes=\"auto, (max-width: 700px) 100vw, 700px\" \/><\/a><\/p>\n<p>Einmal ausgeliehen, habt ihr dann 30 Tage Zeit um den oder die Filme anzuschauen. Ihr m\u00fcsst dabei lediglich beachten, dass die Filme sobald sie einmal gestartet wurden, innerhalb von 48 Stunden zu Ende gesehen werden m\u00fcssen.<\/p>\n","protected":false},"excerpt":{"rendered":"<a href=\"https:\/\/www.ifun.de\/videotipps-apple-tv-werbung-apples-maerz-event-amazon-freitagskino-90346\/\"><img width=\"150\" height=\"150\" src=\"https:\/\/images.ifun.de\/wp-content\/uploads\/2016\/03\/filme-150x150.jpg\" class=\"alignright tfe wp-post-image\" alt=\"\" decoding=\"async\" loading=\"lazy\" \/><\/a><p>Ein Blick auf den Regenradar l\u00e4sst erahnen, dass am heutigen Freitag ganz Deutschland unter einen grauen Wolkendecke liegt. Falls bei euch aufgrund dessen Heimkino angesagt ist, haben wir hier ein paar Videotipps. Neuer Werbespot f\u00fcr Apple TV Apple hat einen neuen Werbespot f\u00fcr Apple TV ver\u00f6ffentlicht. Damit l\u00e4sst sich zwar der Tag nicht bestreiten, aber [&hellip;]<\/p>\n","protected":false},"author":2,"featured_media":90347,"comment_status":"open","ping_status":"closed","sticky":false,"template":"","format":"standard","meta":{"_acf_changed":false,"footnotes":""},"categories":[20],"tags":[26,410,31],"class_list":["post-90346","post","type-post","status-publish","format-standard","has-post-thumbnail","hentry","category-videos","tag-apple-tv","tag-kino","tag-video"],"acf":[],"aioseo_notices":[],"featured_image":["http:\/\/images.ifun.de\/wp-content\/uploads\/2016\/03\/header-16.jpg"],"rest_api_enabler":{"featured_image":"http:\/\/images.ifun.de\/wp-content\/uploads\/2016\/03\/header-16.jpg"},"_links":{"self":[{"href":"https:\/\/www.ifun.de\/apiv2\/wp\/v2\/posts\/90346","targetHints":{"allow":["GET"]}}],"collection":[{"href":"https:\/\/www.ifun.de\/apiv2\/wp\/v2\/posts"}],"about":[{"href":"https:\/\/www.ifun.de\/apiv2\/wp\/v2\/types\/post"}],"author":[{"embeddable":true,"href":"https:\/\/www.ifun.de\/apiv2\/wp\/v2\/users\/2"}],"replies":[{"embeddable":true,"href":"https:\/\/www.ifun.de\/apiv2\/wp\/v2\/comments?post=90346"}],"version-history":[{"count":2,"href":"https:\/\/www.ifun.de\/apiv2\/wp\/v2\/posts\/90346\/revisions"}],"predecessor-version":[{"id":90350,"href":"https:\/\/www.ifun.de\/apiv2\/wp\/v2\/posts\/90346\/revisions\/90350"}],"wp:featuredmedia":[{"embeddable":true,"href":"https:\/\/www.ifun.de\/apiv2\/wp\/v2\/media\/90347"}],"wp:attachment":[{"href":"https:\/\/www.ifun.de\/apiv2\/wp\/v2\/media?parent=90346"}],"wp:term":[{"taxonomy":"category","embeddable":true,"href":"https:\/\/www.ifun.de\/apiv2\/wp\/v2\/categories?post=90346"},{"taxonomy":"post_tag","embeddable":true,"href":"https:\/\/www.ifun.de\/apiv2\/wp\/v2\/tags?post=90346"}],"curies":[{"name":"wp","href":"https:\/\/api.w.org\/{rel}","templated":true}]}}