{"id":90195,"date":"2016-03-23T10:23:55","date_gmt":"2016-03-23T09:23:55","guid":{"rendered":"http:\/\/www.ifun.de\/?p=90195"},"modified":"2016-03-23T10:25:16","modified_gmt":"2016-03-23T09:25:16","slug":"itunes-konnte-ihr-geraet-nicht-verifizieren-ios-9-3-macht-ipads-teils-unbenutzbar","status":"publish","type":"post","link":"https:\/\/www.ifun.de\/itunes-konnte-ihr-geraet-nicht-verifizieren-ios-9-3-macht-ipads-teils-unbenutzbar-90195\/","title":{"rendered":"\u201eiTunes konnte ihr Ger\u00e4t nicht verifizieren\u201c: iOS 9.3 macht iPads teils unbenutzbar"},"content":{"rendered":"<p>Auch 40 Stunden nach der <a href=\"http:\/\/www.iphone-ticker.de\/apple-veroeffentlicht-ios-9-3-94419\/\" title=\"Apple ver\u00f6ffentlicht iOS 9.3\">Freigabe von iOS 9.3<\/a> sehen sich etliche iPad-Besitzer vor dem Problem konfrontiert, dass ihre Ger\u00e4te mit dem Update auf Apples aktuelle Betriebssystemversion unbenutzbar geworden sind. Apple hat sich bislang nicht zu diesem Sachverhalt ge\u00e4u\u00dfert.<\/p>\n<p><a href=\"http:\/\/images.ifun.de\/wp-content\/uploads\/2016\/03\/itunes-fehler.jpg\" rel=\"attachment wp-att-90196\"><img loading=\"lazy\" decoding=\"async\" src=\"http:\/\/images.ifun.de\/wp-content\/uploads\/2016\/03\/itunes-fehler.jpg\" alt=\"itunes-fehler\" width=\"500\" height=\"183\" class=\"alignnone size-full wp-image-90196\" srcset=\"https:\/\/images.ifun.de\/wp-content\/uploads\/2016\/03\/itunes-fehler.jpg 500w, https:\/\/images.ifun.de\/wp-content\/uploads\/2016\/03\/itunes-fehler-300x110.jpg 300w\" sizes=\"auto, (max-width: 500px) 100vw, 500px\" \/><\/a><\/p>\n<p>Unser <a href=\"http:\/\/www.ifun.de\/ios-9-3-leser-berichten-ueber-probleme-bei-der-ipad-aktivierung-90057\/\" title=\"iOS 9.3: Probleme bei der iPad-Aktivierung\">urspr\u00fcnglicher Bericht<\/a> zu diesem Thema sorgte f\u00fcr enormes Feedback in Form von Kommentaren und Leserzuschriften. Mit dem Hinweis auf \u00dcberlastung der Aktivierungsserver konnten unz\u00e4hlige iPad- und teils auch iPhone-Besitzer ihre iOS-Ger\u00e4te nach dem Update auf iOS 9.3 nicht mehr in Betrieb nehmen. Dies sah zun\u00e4chst nach einem tempor\u00e4ren Problem aus und bei einem Gro\u00dfteil der Betroffenen erledigte sich das Problem im Laufe der Zeit allerdings von selbst. Teils brachte auch eine <a href=\"http:\/\/www.iphone-ticker.de\/ios-basics-wiederherstellen-mit-dem-wartungszustand-91324\/\">Wiederherstellung<\/a> \u00fcber iTunes oder das Abmelden den betroffenen Ger\u00e4ts bei Apples \u201eiPhone-Suche\u201c Erfolg.<\/p>\n<p>Bei einigen iPad-Besitzern brachten allerdings alle beschriebenen Ma\u00dfnahmen keinen Erfolg und die Ausk\u00fcnfte an der Apple-Hotline sind bislang wenig hilfreich. Die Ger\u00e4te bleiben unbenutzbar, beim Anschluss an iTunes wird teils die Meldung \u201eiTunes konnte ihr Ger\u00e4t nicht verifizieren\u201c angezeigt. Einen Versuch w\u00e4re in dieser Situation das Wiederherstellen \u00fcber den <a href=\"https:\/\/support.apple.com\/de-de\/HT201263\">Wartungszustand<\/a> wert. Wir freuen uns \u00fcber euer Feedback in den Kommentaren.<\/p>\n","protected":false},"excerpt":{"rendered":"<a href=\"https:\/\/www.ifun.de\/itunes-konnte-ihr-geraet-nicht-verifizieren-ios-9-3-macht-ipads-teils-unbenutzbar-90195\/\"><img width=\"150\" height=\"150\" src=\"https:\/\/images.ifun.de\/wp-content\/uploads\/2016\/03\/ipad-dunkel-header-150x150.jpg\" class=\"alignright tfe wp-post-image\" alt=\"\" decoding=\"async\" loading=\"lazy\" \/><\/a><p>Auch 40 Stunden nach der Freigabe von iOS 9.3 sehen sich etliche iPad-Besitzer vor dem Problem konfrontiert, dass ihre Ger\u00e4te mit dem Update auf Apples aktuelle Betriebssystemversion unbenutzbar geworden sind. Apple hat sich bislang nicht zu diesem Sachverhalt ge\u00e4u\u00dfert. Unser urspr\u00fcnglicher Bericht zu diesem Thema sorgte f\u00fcr enormes Feedback in Form von Kommentaren und Leserzuschriften. [&hellip;]<\/p>\n","protected":false},"author":2,"featured_media":90198,"comment_status":"open","ping_status":"closed","sticky":false,"template":"","format":"standard","meta":{"_acf_changed":false,"footnotes":""},"categories":[10],"tags":[2926,4740,4743,177],"class_list":["post-90195","post","type-post","status-publish","format-standard","has-post-thumbnail","hentry","category-ipad","tag-ios-9-3","tag-ipad","tag-itunes","tag-problem"],"acf":[],"aioseo_notices":[],"featured_image":["http:\/\/images.ifun.de\/wp-content\/uploads\/2016\/03\/ipad-dunkel-header.jpg"],"rest_api_enabler":{"featured_image":"http:\/\/images.ifun.de\/wp-content\/uploads\/2016\/03\/ipad-dunkel-header.jpg"},"_links":{"self":[{"href":"https:\/\/www.ifun.de\/apiv2\/wp\/v2\/posts\/90195","targetHints":{"allow":["GET"]}}],"collection":[{"href":"https:\/\/www.ifun.de\/apiv2\/wp\/v2\/posts"}],"about":[{"href":"https:\/\/www.ifun.de\/apiv2\/wp\/v2\/types\/post"}],"author":[{"embeddable":true,"href":"https:\/\/www.ifun.de\/apiv2\/wp\/v2\/users\/2"}],"replies":[{"embeddable":true,"href":"https:\/\/www.ifun.de\/apiv2\/wp\/v2\/comments?post=90195"}],"version-history":[{"count":3,"href":"https:\/\/www.ifun.de\/apiv2\/wp\/v2\/posts\/90195\/revisions"}],"predecessor-version":[{"id":90201,"href":"https:\/\/www.ifun.de\/apiv2\/wp\/v2\/posts\/90195\/revisions\/90201"}],"wp:featuredmedia":[{"embeddable":true,"href":"https:\/\/www.ifun.de\/apiv2\/wp\/v2\/media\/90198"}],"wp:attachment":[{"href":"https:\/\/www.ifun.de\/apiv2\/wp\/v2\/media?parent=90195"}],"wp:term":[{"taxonomy":"category","embeddable":true,"href":"https:\/\/www.ifun.de\/apiv2\/wp\/v2\/categories?post=90195"},{"taxonomy":"post_tag","embeddable":true,"href":"https:\/\/www.ifun.de\/apiv2\/wp\/v2\/tags?post=90195"}],"curies":[{"name":"wp","href":"https:\/\/api.w.org\/{rel}","templated":true}]}}