{"id":90028,"date":"2016-03-21T20:10:44","date_gmt":"2016-03-21T19:10:44","guid":{"rendered":"http:\/\/www.ifun.de\/?p=90028"},"modified":"2016-03-21T20:18:06","modified_gmt":"2016-03-21T19:18:06","slug":"ipad-air-2-guenstiger-aber-nur-noch-mit-32-und-64-gb","status":"publish","type":"post","link":"https:\/\/www.ifun.de\/ipad-air-2-guenstiger-aber-nur-noch-mit-32-und-64-gb-90028\/","title":{"rendered":"iPad Air 2 g\u00fcnstiger aber nur noch mit 16 und 64 GB"},"content":{"rendered":"<p>Zeitgleich mit der Vorstellung des neuen iPad Pro hat Apple die Preise f\u00fcr das <a href=\"http:\/\/ifun.de\/applestore\/http:\/\/store.apple.com\/de\/go\/ipad\">iPad Air 2<\/a> reduziert. Die einzelnen Modelle sind nun jeweils rund 50 Euro g\u00fcnstiger erh\u00e4ltlich, die gro\u00dfe WLAN-Version mit 128 GB Speicher wurde aus dem Programm genommen.<\/p>\n<p><a href=\"http:\/\/images.ifun.de\/wp-content\/uploads\/2015\/07\/ipad-mini-air.jpg\" rel=\"attachment wp-att-79873\"><img loading=\"lazy\" decoding=\"async\" src=\"http:\/\/images.ifun.de\/wp-content\/uploads\/2015\/07\/ipad-mini-air.jpg\" alt=\"ipad-mini-air\" width=\"500\" height=\"274\" class=\"alignnone size-full wp-image-79873\" srcset=\"https:\/\/images.ifun.de\/wp-content\/uploads\/2015\/07\/ipad-mini-air.jpg 500w, https:\/\/images.ifun.de\/wp-content\/uploads\/2015\/07\/ipad-mini-air-300x164.jpg 300w\" sizes=\"auto, (max-width: 500px) 100vw, 500px\" \/><\/a><\/p>\n<p>Somit gibt es das iPad Air 2 nun in den Farben Silber, Gold und Space Grau wahlweise mit 16 oder 64 GB Speicher. Die kleinere Variante ist zum Preis von 439 Euro nur mit WLAN-Modul erh\u00e4ltlich, wer zudem \u00fcbers Mobilfunknetz ins Internet will, muss 559 Euro investieren. F\u00fcr die Variante mit 64 GB Speicherplatz liegen diese Preise bei 539 bzw. 659 Euro.<\/p>\n<p>Eines solltet ihr bei der Wahl der iPad-Version allerdings nicht vergessen: Nur die Cellular-Version ist auch mit einem GPS-Chip ausgestattet und demnach f\u00fcr den Einsatz beispielsweise als Navigationsger\u00e4t geeignet. Dieser Umstand hat sich auch beim neu vorgestellten <a href=\"http:\/\/www.ifun.de\/apple-stellt-neues-ipad-pro-mit-97-bildschirm-und-bis-zu-256-gb-speicher-vor-90015\/\" title=\"Apple stellt neues iPad Pro mit 9,7\u2033-Bildschirm und 256 GB Speicher vor\">iPad Pro mit 9,7-Zoll-Bildschirm<\/a> nicht ge\u00e4ndert.<\/p>\n<p><a href=\"http:\/\/images.ifun.de\/wp-content\/uploads\/2016\/03\/ipad-gps.jpg\" rel=\"attachment wp-att-90030\"><img loading=\"lazy\" decoding=\"async\" src=\"http:\/\/images.ifun.de\/wp-content\/uploads\/2016\/03\/ipad-gps.jpg\" alt=\"ipad-gps\" width=\"700\" height=\"397\" class=\"alignnone size-full wp-image-90030\" srcset=\"https:\/\/images.ifun.de\/wp-content\/uploads\/2016\/03\/ipad-gps.jpg 700w, https:\/\/images.ifun.de\/wp-content\/uploads\/2016\/03\/ipad-gps-300x170.jpg 300w\" sizes=\"auto, (max-width: 700px) 100vw, 700px\" \/><\/a><\/p>\n<h6>Screenshot: <a href=\"http:\/\/www.apple.com\/de\/ipad-pro\/specs\/\">Apple.de &#8211; Beschreibung iPad Pro<\/a><\/h6>\n","protected":false},"excerpt":{"rendered":"<a href=\"https:\/\/www.ifun.de\/ipad-air-2-guenstiger-aber-nur-noch-mit-32-und-64-gb-90028\/\"><img width=\"150\" height=\"150\" src=\"https:\/\/images.ifun.de\/wp-content\/uploads\/2016\/03\/ipad-gps-150x150.jpg\" class=\"alignright tfe wp-post-image\" alt=\"\" decoding=\"async\" loading=\"lazy\" \/><\/a><p>Zeitgleich mit der Vorstellung des neuen iPad Pro hat Apple die Preise f\u00fcr das iPad Air 2 reduziert. Die einzelnen Modelle sind nun jeweils rund 50 Euro g\u00fcnstiger erh\u00e4ltlich, die gro\u00dfe WLAN-Version mit 128 GB Speicher wurde aus dem Programm genommen. Somit gibt es das iPad Air 2 nun in den Farben Silber, Gold und [&hellip;]<\/p>\n","protected":false},"author":2,"featured_media":90030,"comment_status":"open","ping_status":"closed","sticky":false,"template":"","format":"standard","meta":{"_acf_changed":false,"footnotes":""},"categories":[10],"tags":[2530],"class_list":["post-90028","post","type-post","status-publish","format-standard","has-post-thumbnail","hentry","category-ipad","tag-ipad-air-2"],"acf":[],"aioseo_notices":[],"featured_image":["http:\/\/images.ifun.de\/wp-content\/uploads\/2016\/01\/ipad-air-header.jpg"],"rest_api_enabler":{"featured_image":"http:\/\/images.ifun.de\/wp-content\/uploads\/2016\/01\/ipad-air-header.jpg"},"_links":{"self":[{"href":"https:\/\/www.ifun.de\/apiv2\/wp\/v2\/posts\/90028","targetHints":{"allow":["GET"]}}],"collection":[{"href":"https:\/\/www.ifun.de\/apiv2\/wp\/v2\/posts"}],"about":[{"href":"https:\/\/www.ifun.de\/apiv2\/wp\/v2\/types\/post"}],"author":[{"embeddable":true,"href":"https:\/\/www.ifun.de\/apiv2\/wp\/v2\/users\/2"}],"replies":[{"embeddable":true,"href":"https:\/\/www.ifun.de\/apiv2\/wp\/v2\/comments?post=90028"}],"version-history":[{"count":5,"href":"https:\/\/www.ifun.de\/apiv2\/wp\/v2\/posts\/90028\/revisions"}],"predecessor-version":[{"id":90036,"href":"https:\/\/www.ifun.de\/apiv2\/wp\/v2\/posts\/90028\/revisions\/90036"}],"wp:featuredmedia":[{"embeddable":true,"href":"https:\/\/www.ifun.de\/apiv2\/wp\/v2\/media\/90030"}],"wp:attachment":[{"href":"https:\/\/www.ifun.de\/apiv2\/wp\/v2\/media?parent=90028"}],"wp:term":[{"taxonomy":"category","embeddable":true,"href":"https:\/\/www.ifun.de\/apiv2\/wp\/v2\/categories?post=90028"},{"taxonomy":"post_tag","embeddable":true,"href":"https:\/\/www.ifun.de\/apiv2\/wp\/v2\/tags?post=90028"}],"curies":[{"name":"wp","href":"https:\/\/api.w.org\/{rel}","templated":true}]}}