{"id":89924,"date":"2016-03-18T16:32:36","date_gmt":"2016-03-18T15:32:36","guid":{"rendered":"http:\/\/www.ifun.de\/?p=89924"},"modified":"2016-03-18T17:56:08","modified_gmt":"2016-03-18T16:56:08","slug":"neues-9-7-ipad-pro-einstiegsmodell-wohl-teurer-dafuer-mehr-speicher","status":"publish","type":"post","link":"https:\/\/www.ifun.de\/neues-9-7-ipad-pro-einstiegsmodell-wohl-teurer-dafuer-mehr-speicher-89924\/","title":{"rendered":"Neues 9.7&#8243; iPad Pro: Einstiegsmodell wohl teurer, daf\u00fcr mehr Speicher"},"content":{"rendered":"<p>Der Einstiegspreis von Apples f\u00fcr Montag erwartetem neuen iPad mit 9,7\u201c Bildschirmgr\u00f6\u00dfe wird voraussichtlich rund 100 Euro \u00fcber den aktuell f\u00fcr das iPad Air 2 in kleinster Ausf\u00fchrung verlangten 497,32 liegen. Dessen sind sich zumindest die Macher der amerikanischen Webseite <a href=\"http:\/\/9to5mac.com\/2016\/03\/18\/ipad-pro-9-7-inch-pricing-capacities\/\">9to5Mac<\/a> sicher, die sich auf Preisinformationen aus nicht n\u00e4her bezeichneten Quellen berufen.<\/p>\n<p><a href=\"http:\/\/images.ifun.de\/wp-content\/uploads\/2016\/03\/ipad-air-kamera.jpg\" rel=\"attachment wp-att-89074\"><img loading=\"lazy\" decoding=\"async\" src=\"http:\/\/images.ifun.de\/wp-content\/uploads\/2016\/03\/ipad-air-kamera.jpg\" alt=\"ipad-air-kamera\" width=\"500\" height=\"323\" class=\"alignnone size-full wp-image-89074\" srcset=\"https:\/\/images.ifun.de\/wp-content\/uploads\/2016\/03\/ipad-air-kamera.jpg 500w, https:\/\/images.ifun.de\/wp-content\/uploads\/2016\/03\/ipad-air-kamera-300x194.jpg 300w\" sizes=\"auto, (max-width: 500px) 100vw, 500px\" \/><\/a><\/p>\n<p>Apples neues 9,7-Zoll-iPad soll nicht als iPad Air 3 sondern als weiteres \u201eiPad Pro\u201c in den Handel kommen. Der h\u00f6here Einstiegspreis wird zu einem Teil durch die bessere Speicherausstattung kompensiert, statt wie das iPad Air 2 \u00fcber 16 Gb soll das \u201ekleine iPad Pro\u201c bereits in der kleinsten Variante \u00fcber 32 GB Speicher verf\u00fcgen. In den USA ist von einem Einstiegspreis von 599 Dollar gegen\u00fcber den 499 Dollar f\u00fcr das iPad Air 2 die Rede. Hierbei handelt es sich um die WLAN-Ausf\u00fchrung ohne LTE, vermutlich wird diese wie beim gro\u00dfen iPad Pro durch Speichervarianten mit 128 GB und optionaler LTE-Unterst\u00fctzung erg\u00e4nzt.<\/p>\n<h2>Smart Connector und Apple-Pencil-Unterst\u00fctzung<\/h2>\n<p>Allgemein <a href=\"http:\/\/www.ifun.de\/ipad-air-3-huellen-deuten-auf-vier-lautsprecher-blitz-und-smart-connector-hin-87906\/\">wird erwartet<\/a>, dass das neue iPad mit einem schnelleren Prozessor, einer <a href=\"http:\/\/www.ifun.de\/ipad-air-3-mit-12-megapixel-kamera-89072\/\" title=\"iPad Air 3 mit 12-Megapixel-Kamera?\">12-Megapixel-Kamera<\/a> und wie das iPad Pro mit vier Lautsprechern ausgestattet ist. Ein Smart Connector soll den Anschluss einer Tastaturh\u00fclle erm\u00f6glichen. Zudem d\u00fcrfte das Ger\u00e4t volle Unterst\u00fctzung f\u00fcr den Zeichenstift Apple Pencil bieten, ein ernst zu nehmender Hinweis auf diese Funktion war das kurz nach Ver\u00f6ffentlichung wieder <a href=\"http:\/\/www.ifun.de\/astropad-update-zu-frueh-veroeffentlicht-neue-ipads-mit-unterstuetzung-fuer-apple-pencil-89907\/\" title=\"Astropad-Update zu fr\u00fch ver\u00f6ffentlicht? \u201eNeue iPads mit Unterst\u00fctzung f\u00fcr Apple Pencil\u201c\">zur\u00fcckgezogene Update<\/a> der Zeichen-App Astropad.<\/p>\n","protected":false},"excerpt":{"rendered":"<a href=\"https:\/\/www.ifun.de\/neues-9-7-ipad-pro-einstiegsmodell-wohl-teurer-dafuer-mehr-speicher-89924\/\"><img decoding=\"async\" width=\"150\" src=\"http:\/\/images.ifun.de\/wp-content\/uploads\/2016\/03\/ipad-air-kamera.jpg\" class=\"alignright wp-post-image tfe\" alt=\"ipad-air-kamera\" title=\"\" \/><\/a><p>Der Einstiegspreis von Apples f\u00fcr Montag erwartetem neuen iPad mit 9,7\u201c Bildschirmgr\u00f6\u00dfe wird voraussichtlich rund 100 Euro \u00fcber den aktuell f\u00fcr das iPad Air 2 in kleinster Ausf\u00fchrung verlangten 497,32 liegen. Dessen sind sich zumindest die Macher der amerikanischen Webseite 9to5Mac sicher, die sich auf Preisinformationen aus nicht n\u00e4her bezeichneten Quellen berufen. Apples neues 9,7-Zoll-iPad [&hellip;]<\/p>\n","protected":false},"author":2,"featured_media":0,"comment_status":"open","ping_status":"closed","sticky":false,"template":"","format":"standard","meta":{"_acf_changed":false,"footnotes":""},"categories":[1,1783],"tags":[],"class_list":["post-89924","post","type-post","status-publish","format-standard","hentry","category-news","category-feature"],"acf":[],"aioseo_notices":[],"featured_image":["http:\/\/images.ifun.de\/wp-content\/uploads\/2015\/11\/ipad-pro-ad-header.jpg"],"rest_api_enabler":{"featured_image":"http:\/\/images.ifun.de\/wp-content\/uploads\/2015\/11\/ipad-pro-ad-header.jpg"},"_links":{"self":[{"href":"https:\/\/www.ifun.de\/apiv2\/wp\/v2\/posts\/89924","targetHints":{"allow":["GET"]}}],"collection":[{"href":"https:\/\/www.ifun.de\/apiv2\/wp\/v2\/posts"}],"about":[{"href":"https:\/\/www.ifun.de\/apiv2\/wp\/v2\/types\/post"}],"author":[{"embeddable":true,"href":"https:\/\/www.ifun.de\/apiv2\/wp\/v2\/users\/2"}],"replies":[{"embeddable":true,"href":"https:\/\/www.ifun.de\/apiv2\/wp\/v2\/comments?post=89924"}],"version-history":[{"count":3,"href":"https:\/\/www.ifun.de\/apiv2\/wp\/v2\/posts\/89924\/revisions"}],"predecessor-version":[{"id":89927,"href":"https:\/\/www.ifun.de\/apiv2\/wp\/v2\/posts\/89924\/revisions\/89927"}],"wp:attachment":[{"href":"https:\/\/www.ifun.de\/apiv2\/wp\/v2\/media?parent=89924"}],"wp:term":[{"taxonomy":"category","embeddable":true,"href":"https:\/\/www.ifun.de\/apiv2\/wp\/v2\/categories?post=89924"},{"taxonomy":"post_tag","embeddable":true,"href":"https:\/\/www.ifun.de\/apiv2\/wp\/v2\/tags?post=89924"}],"curies":[{"name":"wp","href":"https:\/\/api.w.org\/{rel}","templated":true}]}}