{"id":89839,"date":"2016-03-16T18:09:37","date_gmt":"2016-03-16T17:09:37","guid":{"rendered":"http:\/\/www.ifun.de\/?p=89839"},"modified":"2016-03-16T18:09:37","modified_gmt":"2016-03-16T17:09:37","slug":"apple-mitgruender-steve-wozniak-meine-praegenden-momente","status":"publish","type":"post","link":"https:\/\/www.ifun.de\/apple-mitgruender-steve-wozniak-meine-praegenden-momente-89839\/","title":{"rendered":"Apple-Mitgr\u00fcnder Steve Wozniak: \u00abMeine pr\u00e4genden Momente\u00bb"},"content":{"rendered":"<p>Wenn ihr sieben Minuten Zeit habt, zieht euch doch die eben ver\u00f6ffentlichte letzte Folge der von den Machern der News-Plattform Reddit produzierten Serie \u201e<a href=\"https:\/\/www.youtube.com\/watch?v=XrhmepZlCWY\">Formative Moments<\/a>\u201c rein. Apple-Mitgr\u00fcnder Steve Wozniak schildert darin die f\u00fcr ihn pr\u00e4genden Momente zu Beginn seiner Karriere.<\/p>\n<p><a href=\"http:\/\/images.ifun.de\/wp-content\/uploads\/2016\/03\/woz.jpg\" rel=\"attachment wp-att-89840\"><img loading=\"lazy\" decoding=\"async\" src=\"http:\/\/images.ifun.de\/wp-content\/uploads\/2016\/03\/woz.jpg\" alt=\"woz\" width=\"500\" height=\"277\" class=\"alignnone size-full wp-image-89840\" srcset=\"https:\/\/images.ifun.de\/wp-content\/uploads\/2016\/03\/woz.jpg 500w, https:\/\/images.ifun.de\/wp-content\/uploads\/2016\/03\/woz-300x166.jpg 300w\" sizes=\"auto, (max-width: 500px) 100vw, 500px\" \/><\/a><\/p>\n<p>Nat\u00fcrlich erz\u00e4hlt Wozniak von den Anfangstagen Apples und der gemeinsamen Arbeit mit Steve Jobs. Seine Erinnerungen greifen allerdings weiter zur\u00fcck, denn schon w\u00e4hrend der Schulzeit war sein technisches Interesse wie auch sein Verst\u00e4ndnis neue Wissensbereiche betreffend au\u00dfergew\u00f6hnlich.<\/p>\n<p>Wozniak arbeitet seit 1985 nicht mehr bei Apple und engagiert sich bei mehreren kleineren Unternehmen sowie im Bildungswesen. Legend\u00e4r bei Serienfans ist sein <a href=\"https:\/\/www.youtube.com\/watch?v=-K1uj9VmCzo\">Auftritt<\/a> in einer Folge der Comedy-Serie \u201eThe Big Bang Theory\u201c.<\/p>\n<p><div class=\"responsive-video\"><iframe loading=\"lazy\" width=\"700\" height=\"394\" src=\"https:\/\/www.youtube-nocookie.com\/embed\/XrhmepZlCWY?rel=0\" frameborder=\"0\" allowfullscreen><\/iframe><\/div><\/p>\n","protected":false},"excerpt":{"rendered":"<a href=\"https:\/\/www.ifun.de\/apple-mitgruender-steve-wozniak-meine-praegenden-momente-89839\/\"><img width=\"150\" height=\"150\" src=\"https:\/\/images.ifun.de\/wp-content\/uploads\/2016\/03\/header-11-150x150.jpg\" class=\"alignright tfe wp-post-image\" alt=\"\" decoding=\"async\" loading=\"lazy\" \/><\/a><p>Wenn ihr sieben Minuten Zeit habt, zieht euch doch die eben ver\u00f6ffentlichte letzte Folge der von den Machern der News-Plattform Reddit produzierten Serie \u201eFormative Moments\u201c rein. Apple-Mitgr\u00fcnder Steve Wozniak schildert darin die f\u00fcr ihn pr\u00e4genden Momente zu Beginn seiner Karriere. Nat\u00fcrlich erz\u00e4hlt Wozniak von den Anfangstagen Apples und der gemeinsamen Arbeit mit Steve Jobs. Seine [&hellip;]<\/p>\n","protected":false},"author":2,"featured_media":89841,"comment_status":"open","ping_status":"closed","sticky":false,"template":"","format":"standard","meta":{"_acf_changed":false,"footnotes":""},"categories":[20],"tags":[4736,737,3010],"class_list":["post-89839","post","type-post","status-publish","format-standard","has-post-thumbnail","hentry","category-videos","tag-apple","tag-steve-wozniak","tag-woz"],"acf":[],"aioseo_notices":[],"featured_image":["http:\/\/images.ifun.de\/wp-content\/uploads\/2016\/03\/header-11.jpg"],"rest_api_enabler":{"featured_image":"http:\/\/images.ifun.de\/wp-content\/uploads\/2016\/03\/header-11.jpg"},"_links":{"self":[{"href":"https:\/\/www.ifun.de\/apiv2\/wp\/v2\/posts\/89839","targetHints":{"allow":["GET"]}}],"collection":[{"href":"https:\/\/www.ifun.de\/apiv2\/wp\/v2\/posts"}],"about":[{"href":"https:\/\/www.ifun.de\/apiv2\/wp\/v2\/types\/post"}],"author":[{"embeddable":true,"href":"https:\/\/www.ifun.de\/apiv2\/wp\/v2\/users\/2"}],"replies":[{"embeddable":true,"href":"https:\/\/www.ifun.de\/apiv2\/wp\/v2\/comments?post=89839"}],"version-history":[{"count":2,"href":"https:\/\/www.ifun.de\/apiv2\/wp\/v2\/posts\/89839\/revisions"}],"predecessor-version":[{"id":89843,"href":"https:\/\/www.ifun.de\/apiv2\/wp\/v2\/posts\/89839\/revisions\/89843"}],"wp:featuredmedia":[{"embeddable":true,"href":"https:\/\/www.ifun.de\/apiv2\/wp\/v2\/media\/89841"}],"wp:attachment":[{"href":"https:\/\/www.ifun.de\/apiv2\/wp\/v2\/media?parent=89839"}],"wp:term":[{"taxonomy":"category","embeddable":true,"href":"https:\/\/www.ifun.de\/apiv2\/wp\/v2\/categories?post=89839"},{"taxonomy":"post_tag","embeddable":true,"href":"https:\/\/www.ifun.de\/apiv2\/wp\/v2\/tags?post=89839"}],"curies":[{"name":"wp","href":"https:\/\/api.w.org\/{rel}","templated":true}]}}