{"id":89731,"date":"2016-03-15T09:44:57","date_gmt":"2016-03-15T08:44:57","guid":{"rendered":"http:\/\/www.ifun.de\/?p=89731"},"modified":"2016-03-15T10:39:21","modified_gmt":"2016-03-15T09:39:21","slug":"wird-os-x-zu-macos-eine-umbenennung-waere-konsequent-und-hilfreich","status":"publish","type":"post","link":"https:\/\/www.ifun.de\/wird-os-x-zu-macos-eine-umbenennung-waere-konsequent-und-hilfreich-89731\/","title":{"rendered":"Wird OS X zu macOS? Eine Umbenennung w\u00e4re konsequent und hilfreich"},"content":{"rendered":"<p>Der Blogger <a href=\"https:\/\/medium.com\/@pauli\/apple-it-s-time-to-move-on-from-os-x-cb94d167c77d\">Pauli Olavi Ojala<\/a> greift einen Gedanken auf, der uns bereits <a href=\"http:\/\/www.ifun.de\/mac-os-11-os-x-bald-ohne-x-und-mit-ios-design-59758\/\">vor zwei Jahren<\/a> im Vorfeld der Vorstellung von OS X Yosemite umtrieb: R\u00fcckt Apple von der Produktbezeichnung \u201eOS X\u201c ab?<\/p>\n<p><a href=\"http:\/\/images.ifun.de\/wp-content\/uploads\/2016\/03\/os-x-bennennung.jpg\" rel=\"attachment wp-att-89733\"><img loading=\"lazy\" decoding=\"async\" src=\"http:\/\/images.ifun.de\/wp-content\/uploads\/2016\/03\/os-x-bennennung.jpg\" alt=\"os-x-bennennung\" width=\"500\" height=\"320\" class=\"alignnone size-full wp-image-89733\" srcset=\"https:\/\/images.ifun.de\/wp-content\/uploads\/2016\/03\/os-x-bennennung.jpg 500w, https:\/\/images.ifun.de\/wp-content\/uploads\/2016\/03\/os-x-bennennung-300x192.jpg 300w\" sizes=\"auto, (max-width: 500px) 100vw, 500px\" \/><\/a><\/p>\n<p>Hintergrund ist die Tatsache, dass das \u201eX\u201c in OS X nicht nur die Unix-Basis des Betriebssystems symbolisieren soll, sondern auch als r\u00f6mische Zahl 10 zu lesen ist. OS X wurde am 24. M\u00e4rz 2001 mit komplett neuer Architektur als Nachfolger von \u201eMac OS 9\u201c ver\u00f6ffentlicht und wird nach <a href=\"http:\/\/support.apple.com\/kb\/TA22541\" title=\"Apples eigenen Regeln\">Apples Vorgabe<\/a> &#8222;Mac O-S ten&#8220; ausgesprochen. Hier liegt dann auch die Krux: Aktuell arbeiten wir somit mit &#8222;Mac O-S ten eleven\u201c und im Herbst steht uns &#8222;Mac O-S ten twelve\u201c ins Haus. Das passt einfach nicht mehr zu der klaren Namensstruktur von iOS oder den Neuzug\u00e4ngen tvOS und watchOS.<\/p>\n<p>Ojala macht daher den nachvollziehbaren Vorschlag, k\u00fcnftig wieder zum guten alten \u201eMac OS\u201c zur\u00fcckzukehren. Konsequenterweise w\u00fcrde die n\u00e4chste Version des Mac-Betriebssystems dann \u201eMacOS 12\u201c oder auch \u201emacOS 12\u201c genannt. Dies w\u00e4re nicht nur gut nachvollziehbar und einfach auszusprechen, sondern w\u00fcrde auch Nutzern, die das \u201eX\u201c als x aussprechen, h\u00e4mische Kommentare von selbsternannten Mac-Experten ersparen.<\/p>\n","protected":false},"excerpt":{"rendered":"<a href=\"https:\/\/www.ifun.de\/wird-os-x-zu-macos-eine-umbenennung-waere-konsequent-und-hilfreich-89731\/\"><img width=\"150\" height=\"150\" src=\"https:\/\/images.ifun.de\/wp-content\/uploads\/2016\/03\/os-x-bennennung-150x150.jpg\" class=\"alignright tfe wp-post-image\" alt=\"\" decoding=\"async\" loading=\"lazy\" \/><\/a><p>Der Blogger Pauli Olavi Ojala greift einen Gedanken auf, der uns bereits vor zwei Jahren im Vorfeld der Vorstellung von OS X Yosemite umtrieb: R\u00fcckt Apple von der Produktbezeichnung \u201eOS X\u201c ab? Hintergrund ist die Tatsache, dass das \u201eX\u201c in OS X nicht nur die Unix-Basis des Betriebssystems symbolisieren soll, sondern auch als r\u00f6mische Zahl [&hellip;]<\/p>\n","protected":false},"author":2,"featured_media":89733,"comment_status":"open","ping_status":"closed","sticky":false,"template":"","format":"standard","meta":{"_acf_changed":false,"footnotes":""},"categories":[16,1783],"tags":[6321,293],"class_list":["post-89731","post","type-post","status-publish","format-standard","has-post-thumbnail","hentry","category-mac","category-feature","tag-mac","tag-os-x"],"acf":[],"aioseo_notices":[],"featured_image":["http:\/\/images.ifun.de\/wp-content\/uploads\/2016\/03\/os-x-aqua.jpg"],"rest_api_enabler":{"featured_image":"http:\/\/images.ifun.de\/wp-content\/uploads\/2016\/03\/os-x-aqua.jpg"},"_links":{"self":[{"href":"https:\/\/www.ifun.de\/apiv2\/wp\/v2\/posts\/89731","targetHints":{"allow":["GET"]}}],"collection":[{"href":"https:\/\/www.ifun.de\/apiv2\/wp\/v2\/posts"}],"about":[{"href":"https:\/\/www.ifun.de\/apiv2\/wp\/v2\/types\/post"}],"author":[{"embeddable":true,"href":"https:\/\/www.ifun.de\/apiv2\/wp\/v2\/users\/2"}],"replies":[{"embeddable":true,"href":"https:\/\/www.ifun.de\/apiv2\/wp\/v2\/comments?post=89731"}],"version-history":[{"count":5,"href":"https:\/\/www.ifun.de\/apiv2\/wp\/v2\/posts\/89731\/revisions"}],"predecessor-version":[{"id":89738,"href":"https:\/\/www.ifun.de\/apiv2\/wp\/v2\/posts\/89731\/revisions\/89738"}],"wp:featuredmedia":[{"embeddable":true,"href":"https:\/\/www.ifun.de\/apiv2\/wp\/v2\/media\/89733"}],"wp:attachment":[{"href":"https:\/\/www.ifun.de\/apiv2\/wp\/v2\/media?parent=89731"}],"wp:term":[{"taxonomy":"category","embeddable":true,"href":"https:\/\/www.ifun.de\/apiv2\/wp\/v2\/categories?post=89731"},{"taxonomy":"post_tag","embeddable":true,"href":"https:\/\/www.ifun.de\/apiv2\/wp\/v2\/tags?post=89731"}],"curies":[{"name":"wp","href":"https:\/\/api.w.org\/{rel}","templated":true}]}}