{"id":89605,"date":"2016-03-10T17:18:41","date_gmt":"2016-03-10T16:18:41","guid":{"rendered":"http:\/\/www.ifun.de\/?p=89605"},"modified":"2016-03-10T17:19:05","modified_gmt":"2016-03-10T16:19:05","slug":"das-kleine-ipad-pro-huelle-des-ipad-air-2-nachfolgers-zeigt-smart-connector","status":"publish","type":"post","link":"https:\/\/www.ifun.de\/das-kleine-ipad-pro-huelle-des-ipad-air-2-nachfolgers-zeigt-smart-connector-89605\/","title":{"rendered":"Das kleine iPad Pro: H\u00fclle des iPad Air 2-Nachfolgers zeigt Smart Connector"},"content":{"rendered":"<p>Kurz nach den ersten H\u00fcllen-Sichtungen des iPhone 7 &#8211; <a href=\"http:\/\/www.iphone-ticker.de\/iphone-7-huelle-keine-kopfhoerer-aber-eine-dualkamera-aussparung-93930\/\">diese verzichten<\/a> auf eine gesonderte Kopfh\u00f6rer-Aussparung und scheinen das bef\u00fcrchtete Ende der Klinkenbuchse anzuk\u00fcndigen &#8211; legt die franz\u00f6sische Webseite <a href=\"http:\/\/www.igen.fr\/ipad\/2016\/03\/des-etuis-pour-lipad-pro-97-un-port-smart-connector-et-un-flash-95106\">igen.fr<\/a> jetzt die ersten H\u00fcllen-Fotos des iPad Air 2-Nachfolgers vor. <\/p>\n<p><a href=\"http:\/\/images.ifun.de\/wp-content\/uploads\/2016\/03\/pad-2.jpg\" rel=\"attachment wp-att-89606\"><img loading=\"lazy\" decoding=\"async\" src=\"http:\/\/images.ifun.de\/wp-content\/uploads\/2016\/03\/pad-2.jpg\" alt=\"pad-2\" width=\"500\" height=\"391\" class=\"aligncenter size-full wp-image-89606\" srcset=\"https:\/\/images.ifun.de\/wp-content\/uploads\/2016\/03\/pad-2.jpg 500w, https:\/\/images.ifun.de\/wp-content\/uploads\/2016\/03\/pad-2-300x235.jpg 300w\" sizes=\"auto, (max-width: 500px) 100vw, 500px\" \/><\/a><\/p>\n<p>Sollte es sich um authentische Bilder und passend gefertigte H\u00fcllen handeln, wird auch das 9,7-Zoll-Tablet, dessen Vorstellung zum Apple-Event am 21. M\u00e4rz erwartet wird, mit dem neuen Smart Connector in den Markt starten, der den Anschluss externen Tastaturen erm\u00f6glicht. <\/p>\n<p>Die iPad Pro-H\u00fclle, die auf der chinesischen Handelsplattform Alibaba auftauchte, zeigt zudem Aussparungen f\u00fcr Stereo-Lautsprecher und einen Kamera-Blitz. Wir erwarten Apple offizielle Einladung f\u00fcr das M\u00e4rz-Event noch im <a href=\"http:\/\/www.ifun.de\/heute-abend-apples-event-bestaetigung-89559\/\">Laufe des Abends<\/a>, haben aber noch absolut keine Idee davon, welchen Namen Apple dem neuen iPad mit auf den Weg geben wird. iPad Pro Mini?<br \/>\n<h8><a href=\"http:\/\/www.macrumors.com\/2016\/03\/10\/new-case-9-7-inch-ipad-pro-smart-connector\/\">Via Macrumors.com<\/a><\/h8><\/p>\n","protected":false},"excerpt":{"rendered":"<a href=\"https:\/\/www.ifun.de\/das-kleine-ipad-pro-huelle-des-ipad-air-2-nachfolgers-zeigt-smart-connector-89605\/\"><img width=\"150\" height=\"150\" src=\"https:\/\/images.ifun.de\/wp-content\/uploads\/2016\/03\/pad-2-150x150.jpg\" class=\"alignright tfe wp-post-image\" alt=\"\" decoding=\"async\" loading=\"lazy\" \/><\/a><p>Kurz nach den ersten H\u00fcllen-Sichtungen des iPhone 7 &#8211; diese verzichten auf eine gesonderte Kopfh\u00f6rer-Aussparung und scheinen das bef\u00fcrchtete Ende der Klinkenbuchse anzuk\u00fcndigen &#8211; legt die franz\u00f6sische Webseite igen.fr jetzt die ersten H\u00fcllen-Fotos des iPad Air 2-Nachfolgers vor. Sollte es sich um authentische Bilder und passend gefertigte H\u00fcllen handeln, wird auch das 9,7-Zoll-Tablet, dessen Vorstellung [&hellip;]<\/p>\n","protected":false},"author":1,"featured_media":89606,"comment_status":"open","ping_status":"closed","sticky":false,"template":"","format":"standard","meta":{"_acf_changed":false,"footnotes":""},"categories":[10],"tags":[4736,3910,4740,6322],"class_list":["post-89605","post","type-post","status-publish","format-standard","has-post-thumbnail","hentry","category-ipad","tag-apple","tag-geruechte","tag-ipad","tag-rumors"],"acf":[],"aioseo_notices":[],"featured_image":["http:\/\/images.ifun.de\/wp-content\/uploads\/2016\/03\/pad.jpg"],"rest_api_enabler":{"featured_image":"http:\/\/images.ifun.de\/wp-content\/uploads\/2016\/03\/pad.jpg"},"_links":{"self":[{"href":"https:\/\/www.ifun.de\/apiv2\/wp\/v2\/posts\/89605","targetHints":{"allow":["GET"]}}],"collection":[{"href":"https:\/\/www.ifun.de\/apiv2\/wp\/v2\/posts"}],"about":[{"href":"https:\/\/www.ifun.de\/apiv2\/wp\/v2\/types\/post"}],"author":[{"embeddable":true,"href":"https:\/\/www.ifun.de\/apiv2\/wp\/v2\/users\/1"}],"replies":[{"embeddable":true,"href":"https:\/\/www.ifun.de\/apiv2\/wp\/v2\/comments?post=89605"}],"version-history":[{"count":1,"href":"https:\/\/www.ifun.de\/apiv2\/wp\/v2\/posts\/89605\/revisions"}],"predecessor-version":[{"id":89607,"href":"https:\/\/www.ifun.de\/apiv2\/wp\/v2\/posts\/89605\/revisions\/89607"}],"wp:featuredmedia":[{"embeddable":true,"href":"https:\/\/www.ifun.de\/apiv2\/wp\/v2\/media\/89606"}],"wp:attachment":[{"href":"https:\/\/www.ifun.de\/apiv2\/wp\/v2\/media?parent=89605"}],"wp:term":[{"taxonomy":"category","embeddable":true,"href":"https:\/\/www.ifun.de\/apiv2\/wp\/v2\/categories?post=89605"},{"taxonomy":"post_tag","embeddable":true,"href":"https:\/\/www.ifun.de\/apiv2\/wp\/v2\/tags?post=89605"}],"curies":[{"name":"wp","href":"https:\/\/api.w.org\/{rel}","templated":true}]}}