{"id":89259,"date":"2016-03-04T07:39:51","date_gmt":"2016-03-04T06:39:51","guid":{"rendered":"http:\/\/www.ifun.de\/?p=89259"},"modified":"2016-04-28T07:51:38","modified_gmt":"2016-04-28T05:51:38","slug":"neues-drohnenvideo-apple-baustelle-cupertino-im-ueberblick","status":"publish","type":"post","link":"https:\/\/www.ifun.de\/neues-drohnenvideo-apple-baustelle-cupertino-im-ueberblick-89259\/","title":{"rendered":"Neues Drohnenvideo: Apple-Baustelle Cupertino im \u00dcberblick"},"content":{"rendered":"<p>Duncan Sinfield hat ein neues Drohnenvideo zum Baufortschritt auf dem Apple Campus 2 in Cupertino ver\u00f6ffentlicht. Wer sich noch an die Bestandsaufnahme von <a href=\"http:\/\/www.ifun.de\/apple-campus-2-aktuelles-video-zeigt-rasanten-baufortschritt-87971\/\">Anfang Februar<\/a> erinnert, wird erstaunt sein, wie flott die Arbeiten f\u00fcr Apples neues Hauptquartier voranschreiten. Mehr als 800.000 Quadratmeter B\u00fcrofl\u00e4che sollen hier ab Jahresende zur Verf\u00fcgung stehen, Apple will in dem kreisrunden Geb\u00e4ude 12.000 Mitarbeiter unterbringen.<\/p>\n<p>Die <a href=\"http:\/\/www.ifun.de\/apple-firmenzentrale-ein-erster-blick-auf-die-neue-fassade-62647\/\" title=\"Einen ersten Blick\">in Deutschland gefertigten<\/a> Fassadenelemente mit den wei\u00dfen Dachvorspr\u00fcngen zeigen sich nun schon an mehreren Teilen des Geb\u00e4udes. Auch Apples neue, unterirdisch angelegte Event-Location mit 1000 Sitzpl\u00e4tzen und das firmeneigene Fitnesscenter zeigen deutliche Fortschritte. Die beiden Parkh\u00e4user bieten Platz f\u00fcr mehr als 10.000 Autos und gut 200.000 Quadratmeter Solarpanels auf ihren D\u00e4chern.<\/p>\n<p><div class=\"responsive-video\"><iframe loading=\"lazy\" width=\"700\" height=\"394\" src=\"https:\/\/www.youtube-nocookie.com\/embed\/XIS0goqasgk?rel=0\" frameborder=\"0\" allowfullscreen><\/iframe><\/div><\/p>\n","protected":false},"excerpt":{"rendered":"<a href=\"https:\/\/www.ifun.de\/neues-drohnenvideo-apple-baustelle-cupertino-im-ueberblick-89259\/\"><img width=\"150\" height=\"150\" src=\"https:\/\/images.ifun.de\/wp-content\/uploads\/2016\/03\/header-6-150x150.jpg\" class=\"alignright tfe wp-post-image\" alt=\"\" decoding=\"async\" loading=\"lazy\" \/><\/a><p>Duncan Sinfield hat ein neues Drohnenvideo zum Baufortschritt auf dem Apple Campus 2 in Cupertino ver\u00f6ffentlicht. Wer sich noch an die Bestandsaufnahme von Anfang Februar erinnert, wird erstaunt sein, wie flott die Arbeiten f\u00fcr Apples neues Hauptquartier voranschreiten. Mehr als 800.000 Quadratmeter B\u00fcrofl\u00e4che sollen hier ab Jahresende zur Verf\u00fcgung stehen, Apple will in dem kreisrunden [&hellip;]<\/p>\n","protected":false},"author":2,"featured_media":89260,"comment_status":"open","ping_status":"closed","sticky":false,"template":"","format":"standard","meta":{"_acf_changed":false,"footnotes":""},"categories":[3],"tags":[4736,3141,462],"class_list":["post-89259","post","type-post","status-publish","format-standard","has-post-thumbnail","hentry","category-apple","tag-apple","tag-apple-campus-2","tag-cupertino"],"acf":[],"aioseo_notices":[],"featured_image":["http:\/\/images.ifun.de\/wp-content\/uploads\/2016\/03\/header-6.jpg"],"rest_api_enabler":{"featured_image":"http:\/\/images.ifun.de\/wp-content\/uploads\/2016\/03\/header-6.jpg"},"_links":{"self":[{"href":"https:\/\/www.ifun.de\/apiv2\/wp\/v2\/posts\/89259","targetHints":{"allow":["GET"]}}],"collection":[{"href":"https:\/\/www.ifun.de\/apiv2\/wp\/v2\/posts"}],"about":[{"href":"https:\/\/www.ifun.de\/apiv2\/wp\/v2\/types\/post"}],"author":[{"embeddable":true,"href":"https:\/\/www.ifun.de\/apiv2\/wp\/v2\/users\/2"}],"replies":[{"embeddable":true,"href":"https:\/\/www.ifun.de\/apiv2\/wp\/v2\/comments?post=89259"}],"version-history":[{"count":1,"href":"https:\/\/www.ifun.de\/apiv2\/wp\/v2\/posts\/89259\/revisions"}],"predecessor-version":[{"id":89261,"href":"https:\/\/www.ifun.de\/apiv2\/wp\/v2\/posts\/89259\/revisions\/89261"}],"wp:featuredmedia":[{"embeddable":true,"href":"https:\/\/www.ifun.de\/apiv2\/wp\/v2\/media\/89260"}],"wp:attachment":[{"href":"https:\/\/www.ifun.de\/apiv2\/wp\/v2\/media?parent=89259"}],"wp:term":[{"taxonomy":"category","embeddable":true,"href":"https:\/\/www.ifun.de\/apiv2\/wp\/v2\/categories?post=89259"},{"taxonomy":"post_tag","embeddable":true,"href":"https:\/\/www.ifun.de\/apiv2\/wp\/v2\/tags?post=89259"}],"curies":[{"name":"wp","href":"https:\/\/api.w.org\/{rel}","templated":true}]}}