{"id":88056,"date":"2016-02-03T15:33:50","date_gmt":"2016-02-03T14:33:50","guid":{"rendered":"http:\/\/www.ifun.de\/?p=88056"},"modified":"2016-02-03T17:47:28","modified_gmt":"2016-02-03T16:47:28","slug":"ipad-pro-laedt-langsam-mitgeliefertes-netzteil-offenbar-zu-schwach","status":"publish","type":"post","link":"https:\/\/www.ifun.de\/ipad-pro-laedt-langsam-mitgeliefertes-netzteil-offenbar-zu-schwach-88056\/","title":{"rendered":"iPad Pro l\u00e4dt langsam? Mitgeliefertes Netzteil offenbar zu schwach"},"content":{"rendered":"<p>L\u00e4dt euer iPad Pro zu langsam? Auf eine Leserzuschrift hin haben wir ein wenig recherchiert und sind auf ein eine interessante Theorie gesto\u00dfen: Das iPad Pro k\u00f6nnte deutlich schneller geladen werden, technische Barrieren verhindern dies allerdings.<\/p>\n<p><a href=\"http:\/\/images.ifun.de\/wp-content\/uploads\/2016\/02\/500-5.jpg\" rel=\"attachment wp-att-88059\"><img loading=\"lazy\" decoding=\"async\" src=\"http:\/\/images.ifun.de\/wp-content\/uploads\/2016\/02\/500-5.jpg\" alt=\"500\" width=\"500\" height=\"316\" class=\"alignnone size-full wp-image-88059\" srcset=\"https:\/\/images.ifun.de\/wp-content\/uploads\/2016\/02\/500-5.jpg 500w, https:\/\/images.ifun.de\/wp-content\/uploads\/2016\/02\/500-5-300x190.jpg 300w\" sizes=\"auto, (max-width: 500px) 100vw, 500px\" \/><\/a><\/p>\n<p>Der Akku des iPad Pro hat offiziell eine Kapazit\u00e4t von 10307mAh (38,8Wh) und ist damit deutlich leistungsf\u00e4higer als beispielsweise der im iPad Air 2 verbaute Akku mit 7340mAh (27,6Wh). Dementsprechend erh\u00f6ht sich allerdings auch die Ladezeit des Ger\u00e4ts, denn Apple hat den maximalen Ladestrom beim iPad Pro offenbar wie bei anderen iOS-Ger\u00e4ten auch auf 2400mA limitiert, obgleich der gro\u00dfe Akku auch deutlich h\u00f6here Werte verkraften w\u00fcrde. Im Detail erl\u00e4utert Eldam Eilan, der Entwickler der iOS-App <a rel=\"noindex, nofollow\" rel=\"noindex, nofollow\" href=\"http:\/\/www.ifun.de\/app\/1048805552\">Battery Health<\/a>, die Angelegenheit so:<\/p>\n<p>Die optimale Ladegeschwindigkeit eines Akkus h\u00e4ngt auch von dessen Kapazit\u00e4t ab. Der gro\u00dfe Akku des iPad Pro k\u00f6nnte demnach deutlich mehr Ladestrom als kleinere iPads oder das iPhone vertragen. Allerdings k\u00f6nne der mit dem iPad Pro ausgelieferte Ladeadapter nur 2400mA und damit gerade mal 40 Prozent der vom iPad Pro ersehnten 5560mA liefern. Wenn man das iPad nebenbei noch benutzt, gen\u00fcge dies gerade mal zum Erhalt der bestehenden Ladung.<\/p>\n<blockquote>\n<p>The iPad Pro technically needs a 28W charger to charge at optimal speed \u2014 at the intended speed. The 12W charger it ships with is only supplying 40% of the current required to charge it at maximum speed. What\u2019s more alarming is the fact that if you push the Pro hard (full screen brightness, LTE video streaming, etc.), its current draw sometimes actually reaches 2400mA! This means that you could be plugged in with the 12W Apple brick while using it, and the battery won\u2019t actually get charged. (<a href=\"http:\/\/forums.macrumors.com\/threads\/yes-the-ipad-pro-charges-slowly-here%E2%80%99s-why.1939002\/\">MacRumors-Foren<\/a>)<\/p>\n<\/blockquote>\n<p>Wer jetzt auf die Idee kommt, einfach ein leistungsf\u00e4higeres Netzteil zu kaufen, st\u00f6\u00dft auf die n\u00e4chste H\u00fcrde. Eilam zufolge hat Apple den maximalen Ladestrom auch am Ger\u00e4t selbst limitiert. Demnach d\u00fcrfte auch ein besseres Netzteil das iPad nicht schneller laden.<\/p>\n<p>Wer den Akku seines iPad Pro schnellstm\u00f6glich wieder bef\u00fcllen will, legt das Ger\u00e4t am besten so lange mit ausgeschaltetem Bildschirm zur Seite. Leserberichten zufolge soll das Aktivieren des Flugmodus den Vorgang zus\u00e4tzlich beschleunigen. Weitere Tipps diesbez\u00fcglich k\u00f6nnt ihr gerne in den Kommentaren hinterlassen.<img loading=\"lazy\" decoding=\"async\" src=\"http:\/\/vg05.met.vgwort.de\/na\/bb256a1e5dd8463eb3fe8621b71aed97\" width=\"1\" height=\"1\" class=\"tracking\"><\/p>\n<h6>(Bilder: Apple, <a href=\"https:\/\/de.ifixit.com\/Teardown\/iPad+Pro+Teardown\/52599\">ifixit.com<\/a>)<\/h6>\n","protected":false},"excerpt":{"rendered":"<a href=\"https:\/\/www.ifun.de\/ipad-pro-laedt-langsam-mitgeliefertes-netzteil-offenbar-zu-schwach-88056\/\"><img width=\"150\" height=\"150\" src=\"https:\/\/images.ifun.de\/wp-content\/uploads\/2016\/02\/500-5-150x150.jpg\" class=\"alignright tfe wp-post-image\" alt=\"\" decoding=\"async\" loading=\"lazy\" \/><\/a><p>L\u00e4dt euer iPad Pro zu langsam? Auf eine Leserzuschrift hin haben wir ein wenig recherchiert und sind auf ein eine interessante Theorie gesto\u00dfen: Das iPad Pro k\u00f6nnte deutlich schneller geladen werden, technische Barrieren verhindern dies allerdings. Der Akku des iPad Pro hat offiziell eine Kapazit\u00e4t von 10307mAh (38,8Wh) und ist damit deutlich leistungsf\u00e4higer als beispielsweise [&hellip;]<\/p>\n","protected":false},"author":2,"featured_media":88059,"comment_status":"open","ping_status":"closed","sticky":false,"template":"","format":"standard","meta":{"_acf_changed":false,"footnotes":""},"categories":[10,1783],"tags":[4736,2486],"class_list":["post-88056","post","type-post","status-publish","format-standard","has-post-thumbnail","hentry","category-ipad","category-feature","tag-apple","tag-ipad-pro"],"acf":[],"aioseo_notices":[],"featured_image":["http:\/\/images.ifun.de\/wp-content\/uploads\/2015\/11\/ipad-pro-ad-header.jpg"],"rest_api_enabler":{"featured_image":"http:\/\/images.ifun.de\/wp-content\/uploads\/2015\/11\/ipad-pro-ad-header.jpg"},"_links":{"self":[{"href":"https:\/\/www.ifun.de\/apiv2\/wp\/v2\/posts\/88056","targetHints":{"allow":["GET"]}}],"collection":[{"href":"https:\/\/www.ifun.de\/apiv2\/wp\/v2\/posts"}],"about":[{"href":"https:\/\/www.ifun.de\/apiv2\/wp\/v2\/types\/post"}],"author":[{"embeddable":true,"href":"https:\/\/www.ifun.de\/apiv2\/wp\/v2\/users\/2"}],"replies":[{"embeddable":true,"href":"https:\/\/www.ifun.de\/apiv2\/wp\/v2\/comments?post=88056"}],"version-history":[{"count":9,"href":"https:\/\/www.ifun.de\/apiv2\/wp\/v2\/posts\/88056\/revisions"}],"predecessor-version":[{"id":88066,"href":"https:\/\/www.ifun.de\/apiv2\/wp\/v2\/posts\/88056\/revisions\/88066"}],"wp:featuredmedia":[{"embeddable":true,"href":"https:\/\/www.ifun.de\/apiv2\/wp\/v2\/media\/88059"}],"wp:attachment":[{"href":"https:\/\/www.ifun.de\/apiv2\/wp\/v2\/media?parent=88056"}],"wp:term":[{"taxonomy":"category","embeddable":true,"href":"https:\/\/www.ifun.de\/apiv2\/wp\/v2\/categories?post=88056"},{"taxonomy":"post_tag","embeddable":true,"href":"https:\/\/www.ifun.de\/apiv2\/wp\/v2\/tags?post=88056"}],"curies":[{"name":"wp","href":"https:\/\/api.w.org\/{rel}","templated":true}]}}