{"id":87803,"date":"2016-01-28T08:13:03","date_gmt":"2016-01-28T07:13:03","guid":{"rendered":"http:\/\/www.ifun.de\/?p=87803"},"modified":"2016-01-28T09:21:19","modified_gmt":"2016-01-28T08:21:19","slug":"ipad-air-3-soll-im-maerz-kommen","status":"publish","type":"post","link":"https:\/\/www.ifun.de\/ipad-air-3-soll-im-maerz-kommen-87803\/","title":{"rendered":"iPad Air 3 soll im M\u00e4rz kommen"},"content":{"rendered":"<p>Erg\u00e4nzend zum <a href=\"http:\/\/www.iphone-ticker.de\/vorstellung-des-iphone-5se-und-neuer-apple-watch-modelle-angeblich-im-maerz-91953\/\" title=\"Vorstellung des \u201eiPhone 5se\u201c und neuer Apple-Watch-Modelle angeblich im M\u00e4rz\">iPhone 5se und neuen Apple-Watch-Modellen<\/a> soll Apple im M\u00e4rz auch das iPad Air 3 vorstellen.<\/p>\n<p><a href=\"http:\/\/images.ifun.de\/wp-content\/uploads\/2016\/01\/ipad-air-500.jpg\" rel=\"attachment wp-att-87806\"><img loading=\"lazy\" decoding=\"async\" src=\"http:\/\/images.ifun.de\/wp-content\/uploads\/2016\/01\/ipad-air-500.jpg\" alt=\"ipad-air-500\" width=\"500\" height=\"285\" class=\"alignnone size-full wp-image-87806\" srcset=\"https:\/\/images.ifun.de\/wp-content\/uploads\/2016\/01\/ipad-air-500.jpg 500w, https:\/\/images.ifun.de\/wp-content\/uploads\/2016\/01\/ipad-air-500-300x171.jpg 300w\" sizes=\"auto, (max-width: 500px) 100vw, 500px\" \/><\/a><\/p>\n<p>Ein entsprechender Bericht der amerikanischen Webseite <a href=\"http:\/\/9to5mac.com\/2016\/01\/27\/ipad-air-3-march-event-new-apple-watch-bands\/\">9to5Mac<\/a> beruft sich auf nicht n\u00e4her definierte Quellen, die die Einf\u00fchrung neuer iPad-Hardware Mitte M\u00e4rz voraussagen. Allgemein wird ja bereits <a href=\"http:\/\/www.iphone-ticker.de\/vorstellung-des-iphone-5se-und-neuer-apple-watch-modelle-angeblich-im-maerz-91953\/\">erwartet<\/a>, dass Apple in der Woche ab dem 14. M\u00e4rz neue Produkte pr\u00e4sentiert, darunter ein neues iPhone mit 4\u201c-Bildschirm und neue Varianten der Apple Watch.<\/p>\n<p>Das aktuell erh\u00e4ltliche iPad Air 2 wurde im <a href=\"http:\/\/www.ifun.de\/ipad-air-2-67797\/\">Oktober 2014<\/a> vorgestellt. Konkrete Details zur kommenden Version liegen bislang nicht vor, die Spekulationen halten neben den \u00fcblichen Punkten &#8222;aktueller Prozessor und bessere Kamera&#8220; einen Blitz f\u00fcr die R\u00fcckkamera, verbesserte oder gar zus\u00e4tzliche Lautsprecher sowie Support f\u00fcr den Apple-Zeichenstift &#8222;Pencil&#8220; f\u00fcr m\u00f6glich.<\/p>\n<p>Zu den f\u00fcr M\u00e4rz ebenfalls vorausgesagten neuen Apple-Watch-Modellen gibt es auch ein Update. Apple plant angeblich eine schwarze Version des <a href=\"http:\/\/www.apple.com\/de\/search\/Milanaise-Armband\">Milanaise-Armbands<\/a> auf den Markt zu bringen. Wie bereits <a href=\"http:\/\/www.iphone-ticker.de\/vorstellung-des-iphone-5se-und-neuer-apple-watch-modelle-angeblich-im-maerz-91953\/\">berichtet<\/a>, soll es im Fr\u00fchjahr keine technisch \u00fcberarbeitete \u201eApple Watch 2\u201c sondern lediglich neue Modellvarianten geben, die sich insbesondere durch zus\u00e4tzliche Armb\u00e4nder unterscheiden.<\/p>\n<p><a href=\"http:\/\/images.ifun.de\/wp-content\/uploads\/2016\/01\/apple-watch-schwarz-malanaise.jpg\" rel=\"attachment wp-att-87807\"><img loading=\"lazy\" decoding=\"async\" src=\"http:\/\/images.ifun.de\/wp-content\/uploads\/2016\/01\/apple-watch-schwarz-malanaise.jpg\" alt=\"apple-watch-schwarz-malanaise\" width=\"700\" height=\"280\" class=\"alignnone size-full wp-image-87807\" srcset=\"https:\/\/images.ifun.de\/wp-content\/uploads\/2016\/01\/apple-watch-schwarz-malanaise.jpg 700w, https:\/\/images.ifun.de\/wp-content\/uploads\/2016\/01\/apple-watch-schwarz-malanaise-300x120.jpg 300w\" sizes=\"auto, (max-width: 700px) 100vw, 700px\" \/><\/a><\/p>\n","protected":false},"excerpt":{"rendered":"<a href=\"https:\/\/www.ifun.de\/ipad-air-3-soll-im-maerz-kommen-87803\/\"><img width=\"150\" height=\"150\" src=\"https:\/\/images.ifun.de\/wp-content\/uploads\/2016\/01\/apple-watch-schwarz-malanaise-150x150.jpg\" class=\"alignright tfe wp-post-image\" alt=\"\" decoding=\"async\" loading=\"lazy\" \/><\/a><p>Erg\u00e4nzend zum iPhone 5se und neuen Apple-Watch-Modellen soll Apple im M\u00e4rz auch das iPad Air 3 vorstellen. Ein entsprechender Bericht der amerikanischen Webseite 9to5Mac beruft sich auf nicht n\u00e4her definierte Quellen, die die Einf\u00fchrung neuer iPad-Hardware Mitte M\u00e4rz voraussagen. Allgemein wird ja bereits erwartet, dass Apple in der Woche ab dem 14. M\u00e4rz neue Produkte [&hellip;]<\/p>\n","protected":false},"author":2,"featured_media":87807,"comment_status":"open","ping_status":"closed","sticky":false,"template":"","format":"standard","meta":{"_acf_changed":false,"footnotes":""},"categories":[18,1783],"tags":[2505,3910,2932],"class_list":["post-87803","post","type-post","status-publish","format-standard","has-post-thumbnail","hentry","category-rumors","category-feature","tag-apple-watch","tag-geruechte","tag-ipad-air-3"],"acf":[],"aioseo_notices":[],"featured_image":["http:\/\/images.ifun.de\/wp-content\/uploads\/2016\/01\/ipad-air-header.jpg"],"rest_api_enabler":{"featured_image":"http:\/\/images.ifun.de\/wp-content\/uploads\/2016\/01\/ipad-air-header.jpg"},"_links":{"self":[{"href":"https:\/\/www.ifun.de\/apiv2\/wp\/v2\/posts\/87803","targetHints":{"allow":["GET"]}}],"collection":[{"href":"https:\/\/www.ifun.de\/apiv2\/wp\/v2\/posts"}],"about":[{"href":"https:\/\/www.ifun.de\/apiv2\/wp\/v2\/types\/post"}],"author":[{"embeddable":true,"href":"https:\/\/www.ifun.de\/apiv2\/wp\/v2\/users\/2"}],"replies":[{"embeddable":true,"href":"https:\/\/www.ifun.de\/apiv2\/wp\/v2\/comments?post=87803"}],"version-history":[{"count":4,"href":"https:\/\/www.ifun.de\/apiv2\/wp\/v2\/posts\/87803\/revisions"}],"predecessor-version":[{"id":87814,"href":"https:\/\/www.ifun.de\/apiv2\/wp\/v2\/posts\/87803\/revisions\/87814"}],"wp:featuredmedia":[{"embeddable":true,"href":"https:\/\/www.ifun.de\/apiv2\/wp\/v2\/media\/87807"}],"wp:attachment":[{"href":"https:\/\/www.ifun.de\/apiv2\/wp\/v2\/media?parent=87803"}],"wp:term":[{"taxonomy":"category","embeddable":true,"href":"https:\/\/www.ifun.de\/apiv2\/wp\/v2\/categories?post=87803"},{"taxonomy":"post_tag","embeddable":true,"href":"https:\/\/www.ifun.de\/apiv2\/wp\/v2\/tags?post=87803"}],"curies":[{"name":"wp","href":"https:\/\/api.w.org\/{rel}","templated":true}]}}