{"id":87669,"date":"2016-01-26T14:40:49","date_gmt":"2016-01-26T13:40:49","guid":{"rendered":"http:\/\/www.ifun.de\/?p=87669"},"modified":"2016-01-26T14:41:41","modified_gmt":"2016-01-26T13:41:41","slug":"booq-viper-robustes-case-neu-fuer-macbook-12-im-angebot-fuer-das-macbook-air","status":"publish","type":"post","link":"https:\/\/www.ifun.de\/booq-viper-robustes-case-neu-fuer-macbook-12-im-angebot-fuer-das-macbook-air-87669\/","title":{"rendered":"Booq Viper: Robustes Case neu f\u00fcr MacBook 12&#8243;, im Angebot f\u00fcr das MacBook Air"},"content":{"rendered":"<p>Booq bietet das <a href=\"http:\/\/www.booqeurope.com\/eu\/sleeves\/viper-hardcase\/VHC12-BLR\">Notebook-Hardcase Viper<\/a> nun auch f\u00fcr Apples MacBook 12\u201c an. Die H\u00fclle nimmt dem Notebook beim Transport zwar seine schlichte Eleganz, sorgt allerdings auch f\u00fcr robusten Schutz.<\/p>\n<p><a href=\"http:\/\/images.ifun.de\/wp-content\/uploads\/2016\/01\/500-35.jpg\" rel=\"attachment wp-att-87671\"><img loading=\"lazy\" decoding=\"async\" src=\"http:\/\/images.ifun.de\/wp-content\/uploads\/2016\/01\/500-35.jpg\" alt=\"500\" width=\"500\" height=\"249\" class=\"alignnone size-full wp-image-87671\" srcset=\"https:\/\/images.ifun.de\/wp-content\/uploads\/2016\/01\/500-35.jpg 500w, https:\/\/images.ifun.de\/wp-content\/uploads\/2016\/01\/500-35-300x149.jpg 300w\" sizes=\"auto, (max-width: 500px) 100vw, 500px\" \/><\/a><\/p>\n<p>Die Viper-Cases d\u00fcrften einigen von euch schon bekannt sein, Booq bietet die H\u00fcllen bereits l\u00e4ngere Zeit f\u00fcr <a rel=\"noindex, nofollow\" href=\"http:\/\/www.amazon.de\/s\/ref=as_li_ss_tl?_encoding=UTF8&amp;camp=1638&amp;creative=19454&amp;field-keywords=macbook%20Viper&amp;linkCode=ur2&amp;site-redirect=de&amp;tag=musicweb02\">verschiedene MacBook-Modelle<\/a> an. F\u00fcr <a rel=\"noindex, nofollow\" href=\"http:\/\/www.amazon.de\/s\/ref=as_li_ss_tl?_encoding=UTF8&amp;camp=1638&amp;creative=19454&amp;field-keywords=macbook%20Viper%2011%20zoll&amp;linkCode=ur2&amp;rh=i%3Aaps%2Ck%3Amacbook%20Viper%2011%20zoll&amp;site-redirect=de&amp;tag=musicweb02\">das MacBook Air mit 11\u201c-Bildschirm<\/a> ist die H\u00fclle derzeit in verschiedenen Farben sogar zu nur 10 Euro im Angebot. Der regul\u00e4re Preis liegt abh\u00e4ngig von der Gr\u00f6\u00dfe zwischen 30 und 50 Euro.<\/p>\n<p>Das Viper-Case f\u00fcr das MacBook 12\u201c ist zum Preis von 45 Euro erh\u00e4ltlich. Die Au\u00dfenhaut besteht aus wasserabweisend beschichtetem \u201eBallistic Nylon\u201c, innen ist die H\u00fclle mit weichem Jersey-Stoff ausgeschlagen. Eine Gummilippe am Rei\u00dfverschluss soll verhindern, dass dieser das Notebook beim unachtsamen Verpacken oder Entnehmen zerkratzt. Die H\u00fclle bietet zudem separate F\u00e4cher f\u00fcr Zubeh\u00f6r wie das Ladeger\u00e4t oder Kabel.<\/p>\n<p>Das neue Viper-Case 12 l\u00e4sst sich ebenso wie die Modelle f\u00fcr andere MacBook-Variante <a href=\"http:\/\/www.booqeurope.com\/eu\/sleeves\/viper-hardcase\/VHC12-BLR\">direkt beim Hersteller<\/a> oder <a rel=\"noindex, nofollow\" href=\"http:\/\/www.ifun.de\/amzn\/B0117YH93I\">\u00fcber Amazon<\/a> bestellen.<\/p>\n<p><a href=\"http:\/\/images.ifun.de\/wp-content\/uploads\/2016\/01\/500-35.jpg\" rel=\"attachment wp-att-87671\"><img loading=\"lazy\" decoding=\"async\" src=\"http:\/\/images.ifun.de\/wp-content\/uploads\/2016\/01\/500-35.jpg\" alt=\"500\" width=\"500\" height=\"249\" class=\"alignnone size-full wp-image-87671\" srcset=\"https:\/\/images.ifun.de\/wp-content\/uploads\/2016\/01\/500-35.jpg 500w, https:\/\/images.ifun.de\/wp-content\/uploads\/2016\/01\/500-35-300x149.jpg 300w\" sizes=\"auto, (max-width: 500px) 100vw, 500px\" \/><\/a><\/p>\n","protected":false},"excerpt":{"rendered":"<a href=\"https:\/\/www.ifun.de\/booq-viper-robustes-case-neu-fuer-macbook-12-im-angebot-fuer-das-macbook-air-87669\/\"><img width=\"150\" height=\"150\" src=\"https:\/\/images.ifun.de\/wp-content\/uploads\/2016\/01\/viper-700-150x150.jpg\" class=\"alignright tfe wp-post-image\" alt=\"\" decoding=\"async\" loading=\"lazy\" \/><\/a><p>Booq bietet das Notebook-Hardcase Viper nun auch f\u00fcr Apples MacBook 12\u201c an. Die H\u00fclle nimmt dem Notebook beim Transport zwar seine schlichte Eleganz, sorgt allerdings auch f\u00fcr robusten Schutz. Die Viper-Cases d\u00fcrften einigen von euch schon bekannt sein, Booq bietet die H\u00fcllen bereits l\u00e4ngere Zeit f\u00fcr verschiedene MacBook-Modelle an. F\u00fcr das MacBook Air mit 11\u201c-Bildschirm [&hellip;]<\/p>\n","protected":false},"author":2,"featured_media":87672,"comment_status":"open","ping_status":"closed","sticky":false,"template":"","format":"standard","meta":{"_acf_changed":false,"footnotes":""},"categories":[22],"tags":[863,110,144,6325],"class_list":["post-87669","post","type-post","status-publish","format-standard","has-post-thumbnail","hentry","category-zubehor","tag-booq","tag-case","tag-macbook","tag-zubehor"],"acf":[],"aioseo_notices":[],"featured_image":["http:\/\/images.ifun.de\/wp-content\/uploads\/2016\/01\/viper-header.jpg"],"rest_api_enabler":{"featured_image":"http:\/\/images.ifun.de\/wp-content\/uploads\/2016\/01\/viper-header.jpg"},"_links":{"self":[{"href":"https:\/\/www.ifun.de\/apiv2\/wp\/v2\/posts\/87669","targetHints":{"allow":["GET"]}}],"collection":[{"href":"https:\/\/www.ifun.de\/apiv2\/wp\/v2\/posts"}],"about":[{"href":"https:\/\/www.ifun.de\/apiv2\/wp\/v2\/types\/post"}],"author":[{"embeddable":true,"href":"https:\/\/www.ifun.de\/apiv2\/wp\/v2\/users\/2"}],"replies":[{"embeddable":true,"href":"https:\/\/www.ifun.de\/apiv2\/wp\/v2\/comments?post=87669"}],"version-history":[{"count":2,"href":"https:\/\/www.ifun.de\/apiv2\/wp\/v2\/posts\/87669\/revisions"}],"predecessor-version":[{"id":87674,"href":"https:\/\/www.ifun.de\/apiv2\/wp\/v2\/posts\/87669\/revisions\/87674"}],"wp:featuredmedia":[{"embeddable":true,"href":"https:\/\/www.ifun.de\/apiv2\/wp\/v2\/media\/87672"}],"wp:attachment":[{"href":"https:\/\/www.ifun.de\/apiv2\/wp\/v2\/media?parent=87669"}],"wp:term":[{"taxonomy":"category","embeddable":true,"href":"https:\/\/www.ifun.de\/apiv2\/wp\/v2\/categories?post=87669"},{"taxonomy":"post_tag","embeddable":true,"href":"https:\/\/www.ifun.de\/apiv2\/wp\/v2\/tags?post=87669"}],"curies":[{"name":"wp","href":"https:\/\/api.w.org\/{rel}","templated":true}]}}