{"id":86377,"date":"2015-12-22T08:31:06","date_gmt":"2015-12-22T07:31:06","guid":{"rendered":"http:\/\/www.ifun.de\/?p=86377"},"modified":"2015-12-22T08:31:06","modified_gmt":"2015-12-22T07:31:06","slug":"apple-museum-in-prag-zeigt-groesste-private-ausstellung-von-apple-produkten-weltweit","status":"publish","type":"post","link":"https:\/\/www.ifun.de\/apple-museum-in-prag-zeigt-groesste-private-ausstellung-von-apple-produkten-weltweit-86377\/","title":{"rendered":"Apple-Museum in Prag zeigt &#8222;gr\u00f6\u00dfte private Ausstellung von Apple-Produkten weltweit&#8220;"},"content":{"rendered":"<p>Prag hat eine Sehensw\u00fcrdigkeit mehr: Das dort neu er\u00f6ffnete <a href=\"https:\/\/ticket.applemuseum.com\/en\/\">Apple Museum<\/a> pr\u00e4sentiert die nach Angaben der Betreiber derzeit gr\u00f6\u00dfte private Ausstellung von Apple-Produkten weltweit.<\/p>\n<p><a href=\"http:\/\/images.ifun.de\/wp-content\/uploads\/2015\/12\/500-13.jpg\" rel=\"attachment wp-att-86380\"><img loading=\"lazy\" decoding=\"async\" src=\"http:\/\/images.ifun.de\/wp-content\/uploads\/2015\/12\/500-13.jpg\" alt=\"500\" width=\"500\" height=\"501\" class=\"alignnone size-full wp-image-86380\" srcset=\"https:\/\/images.ifun.de\/wp-content\/uploads\/2015\/12\/500-13.jpg 500w, https:\/\/images.ifun.de\/wp-content\/uploads\/2015\/12\/500-13-150x150.jpg 150w, https:\/\/images.ifun.de\/wp-content\/uploads\/2015\/12\/500-13-300x300.jpg 300w\" sizes=\"auto, (max-width: 500px) 100vw, 500px\" \/><\/a><\/p>\n<p>Im Mittelpunkt der Ausstellung steht der Apple Gr\u00fcnder Steve Jobs und die Unternehmensgeschichte in den Jahren 1976 bis 2012. Neben einer umfassenden Sammlung von Apple-Computern aus dieser Zeit k\u00f6nnt ihr in Prag weitere Apple-Produkte wie die komplette iPod-Linie von 2001 bis heute sowie Ausstellungsst\u00fccke aus Steve Jobs\u2019 Zeiten bei Pixar und Next sehen. Unter anderem finden sich in Prag derzeit ein Apple 1, das nachgestellte B\u00fchnen-Setup der Pr\u00e4sentation des ersten iPad und ein iPhone-Prototyp.<\/p>\n<p><a href=\"http:\/\/images.ifun.de\/wp-content\/uploads\/2015\/12\/700-9.jpg\" rel=\"attachment wp-att-86378\"><img loading=\"lazy\" decoding=\"async\" src=\"http:\/\/images.ifun.de\/wp-content\/uploads\/2015\/12\/700-9.jpg\" alt=\"700\" width=\"700\" height=\"394\" class=\"alignnone size-full wp-image-86378\" srcset=\"https:\/\/images.ifun.de\/wp-content\/uploads\/2015\/12\/700-9.jpg 700w, https:\/\/images.ifun.de\/wp-content\/uploads\/2015\/12\/700-9-300x169.jpg 300w\" sizes=\"auto, (max-width: 700px) 100vw, 700px\" \/><\/a><\/p>\n<p><a href=\"http:\/\/images.ifun.de\/wp-content\/uploads\/2015\/12\/701.jpg\" rel=\"attachment wp-att-86379\"><img loading=\"lazy\" decoding=\"async\" src=\"http:\/\/images.ifun.de\/wp-content\/uploads\/2015\/12\/701.jpg\" alt=\"701\" width=\"700\" height=\"394\" class=\"alignnone size-full wp-image-86379\" srcset=\"https:\/\/images.ifun.de\/wp-content\/uploads\/2015\/12\/701.jpg 700w, https:\/\/images.ifun.de\/wp-content\/uploads\/2015\/12\/701-300x169.jpg 300w\" sizes=\"auto, (max-width: 700px) 100vw, 700px\" \/><\/a><\/p>\n<h6>Bilder: <a href=\"http:\/\/www.mobilmania.cz\/clanky\/apple-museum-cesti-appliste-maji-novou-mekku-galerie\/sc-3-a-1332944\/default.aspx\">MobilMania.cz<\/a><\/h6>\n<p>Die Ausstellung hat ihren Platz in drei im Zentrum von Prag angesiedelten historischen Geb\u00e4uden aus dem 12. Jahrhundert gefunden. F\u00fcr Erwachsene kostet der Eintritt 11 Euro, s\u00e4mtliche Einnahmen wollen die Betreiber einer karitativen Organisation zugute kommen lassen.<\/p>\n","protected":false},"excerpt":{"rendered":"<a href=\"https:\/\/www.ifun.de\/apple-museum-in-prag-zeigt-groesste-private-ausstellung-von-apple-produkten-weltweit-86377\/\"><img width=\"150\" height=\"150\" src=\"https:\/\/images.ifun.de\/wp-content\/uploads\/2015\/12\/header-7-150x150.jpg\" class=\"alignright tfe wp-post-image\" alt=\"\" decoding=\"async\" loading=\"lazy\" \/><\/a><p>Prag hat eine Sehensw\u00fcrdigkeit mehr: Das dort neu er\u00f6ffnete Apple Museum pr\u00e4sentiert die nach Angaben der Betreiber derzeit gr\u00f6\u00dfte private Ausstellung von Apple-Produkten weltweit. Im Mittelpunkt der Ausstellung steht der Apple Gr\u00fcnder Steve Jobs und die Unternehmensgeschichte in den Jahren 1976 bis 2012. Neben einer umfassenden Sammlung von Apple-Computern aus dieser Zeit k\u00f6nnt ihr in [&hellip;]<\/p>\n","protected":false},"author":2,"featured_media":86381,"comment_status":"open","ping_status":"closed","sticky":false,"template":"","format":"standard","meta":{"_acf_changed":false,"footnotes":""},"categories":[3],"tags":[4736,213,416,2886],"class_list":["post-86377","post","type-post","status-publish","format-standard","has-post-thumbnail","hentry","category-apple","tag-apple","tag-geschichte","tag-museum","tag-prag"],"acf":[],"aioseo_notices":[],"featured_image":["http:\/\/images.ifun.de\/wp-content\/uploads\/2015\/12\/header-7.jpg"],"rest_api_enabler":{"featured_image":"http:\/\/images.ifun.de\/wp-content\/uploads\/2015\/12\/header-7.jpg"},"_links":{"self":[{"href":"https:\/\/www.ifun.de\/apiv2\/wp\/v2\/posts\/86377","targetHints":{"allow":["GET"]}}],"collection":[{"href":"https:\/\/www.ifun.de\/apiv2\/wp\/v2\/posts"}],"about":[{"href":"https:\/\/www.ifun.de\/apiv2\/wp\/v2\/types\/post"}],"author":[{"embeddable":true,"href":"https:\/\/www.ifun.de\/apiv2\/wp\/v2\/users\/2"}],"replies":[{"embeddable":true,"href":"https:\/\/www.ifun.de\/apiv2\/wp\/v2\/comments?post=86377"}],"version-history":[{"count":1,"href":"https:\/\/www.ifun.de\/apiv2\/wp\/v2\/posts\/86377\/revisions"}],"predecessor-version":[{"id":86382,"href":"https:\/\/www.ifun.de\/apiv2\/wp\/v2\/posts\/86377\/revisions\/86382"}],"wp:featuredmedia":[{"embeddable":true,"href":"https:\/\/www.ifun.de\/apiv2\/wp\/v2\/media\/86381"}],"wp:attachment":[{"href":"https:\/\/www.ifun.de\/apiv2\/wp\/v2\/media?parent=86377"}],"wp:term":[{"taxonomy":"category","embeddable":true,"href":"https:\/\/www.ifun.de\/apiv2\/wp\/v2\/categories?post=86377"},{"taxonomy":"post_tag","embeddable":true,"href":"https:\/\/www.ifun.de\/apiv2\/wp\/v2\/tags?post=86377"}],"curies":[{"name":"wp","href":"https:\/\/api.w.org\/{rel}","templated":true}]}}