{"id":86200,"date":"2015-12-17T16:20:13","date_gmt":"2015-12-17T15:20:13","guid":{"rendered":"http:\/\/www.ifun.de\/?p=86200"},"modified":"2015-12-18T08:43:43","modified_gmt":"2015-12-18T07:43:43","slug":"app-store-bekommt-neuen-chef-phil-schiller-uebernimmt","status":"publish","type":"post","link":"https:\/\/www.ifun.de\/app-store-bekommt-neuen-chef-phil-schiller-uebernimmt-86200\/","title":{"rendered":"App Store bekommt neuen Chef: Phil Schiller \u00fcbernimmt"},"content":{"rendered":"<p>Per Pressemitteilung informiert Cupertino \u00fcber eine Umstrukturierung in der F\u00fchrungsspitze Apples. Jeff Williams wird zuk\u00fcnftig den Titel des Chief Operating Officer tragen, Apples Phil Schiller erweitert seinen Aufgabenbereich. <\/p>\n<p>Vor allem die zweite Meldung der <a href=\"http:\/\/www.apple.com\/pr\/library\/2015\/12\/17Apple-Names-Jeff-Williams-Chief-Operating-Officer.html\">ungew\u00f6hnlichen langen<\/a> Pressemitteilung bietet Spielraum f\u00fcr Spekulationen: Warum besetzt Apple den Posten des App Store Oberaufsehers neu? <\/p>\n<p><a href=\"http:\/\/images.ifun.de\/wp-content\/uploads\/2015\/12\/pple-500.jpg\" rel=\"attachment wp-att-86202\"><img loading=\"lazy\" decoding=\"async\" src=\"http:\/\/images.ifun.de\/wp-content\/uploads\/2015\/12\/pple-500.jpg\" alt=\"pple-500\" width=\"500\" height=\"291\" class=\"aligncenter size-full wp-image-86202\" srcset=\"https:\/\/images.ifun.de\/wp-content\/uploads\/2015\/12\/pple-500.jpg 500w, https:\/\/images.ifun.de\/wp-content\/uploads\/2015\/12\/pple-500-300x175.jpg 300w\" sizes=\"auto, (max-width: 500px) 100vw, 500px\" \/><\/a><\/p>\n<p>Und: Warum mit Phil Schiller? Der &#8222;Senior Vice President of Worldwide Marketing&#8220; d\u00fcrfte bereits bislang einen au\u00dferordentlich gut gef\u00fcllten Terminkalender gehabt haben. <\/p>\n<h5>Apple reagiert auf Entwickler-Kritik<\/h5>\n<p> Unser Tipp: Apple setzt mit der Ank\u00fcndigung ein Zeichen, das als direkte Reaktion auf die in den letzten Tagen <a href=\"http:\/\/www.ifun.de\/unzufriedene-entwickler-auch-das-design-tool-sketch-verschwindet-aus-dem-mac-app-store-85444\/\">laut gewordene Kritik<\/a> am Mac App Store verstanden werden darf. <\/p>\n<p>Mehrere Entwickler hatten ihre Apps aus dem Software-Kaufhaus zur\u00fcckgezogen und Apple scharf ob der langen Review-Zeiten kritisiert. Zudem &#8211; Punkte, die in den vergangenen Jahren h\u00e4ufiger ge\u00e4u\u00dfert wurden &#8211; entwickelten sich die App Stores f\u00fcr iOS und OS X nur tr\u00e4ge weiter, bieten Entwicklern keine Kommunikationswerkzeuge an, kennen keine Upgrade-Preise und beschneiden die Freiheiten der App-Developer massiv. <\/p>\n<p>Ein Beispiel von Hunderten: Apple TV-Anwendungen lassen sich au\u00dferhalb der Settop-Box noch immer nicht durchforsten. Phil Schiller soll es nun richten: <\/p>\n<blockquote><p>Phil Schiller, senior vice president of Worldwide Marketing, will expand his role to include leadership of the revolutionary App Store across all Apple platforms. Apple also announced that Tor Myhren will join Apple in the first calendar quarter of 2016 as vice president of Marketing Communications, reporting to CEO Tim Cook. [&#8230;]<\/p>\n<p>With added responsibility for the App Store, Phil Schiller will focus on strategies to extend the ecosystem Apple customers have come to love when using their iPhone, iPad, Mac, Apple Watch and Apple TV. Phil now leads nearly all developer-related functions at Apple, in addition to his other marketing responsibilities including Worldwide Product Marketing, international marketing, education and business marketing. More than 11 million developers around the world create apps for Apple\u2019s four software platforms \u2014 iOS, OS X, watchOS and tvOS \u2014 as well as compatible hardware and other accessories, and customers have downloaded more than 100 billion apps across those platforms.<\/p><\/blockquote>\n","protected":false},"excerpt":{"rendered":"<a href=\"https:\/\/www.ifun.de\/app-store-bekommt-neuen-chef-phil-schiller-uebernimmt-86200\/\"><img width=\"150\" height=\"150\" src=\"https:\/\/images.ifun.de\/wp-content\/uploads\/2015\/12\/pple-500-150x150.jpg\" class=\"alignright tfe wp-post-image\" alt=\"\" decoding=\"async\" loading=\"lazy\" \/><\/a><p>Per Pressemitteilung informiert Cupertino \u00fcber eine Umstrukturierung in der F\u00fchrungsspitze Apples. Jeff Williams wird zuk\u00fcnftig den Titel des Chief Operating Officer tragen, Apples Phil Schiller erweitert seinen Aufgabenbereich. Vor allem die zweite Meldung der ungew\u00f6hnlichen langen Pressemitteilung bietet Spielraum f\u00fcr Spekulationen: Warum besetzt Apple den Posten des App Store Oberaufsehers neu? Und: Warum mit Phil [&hellip;]<\/p>\n","protected":false},"author":1,"featured_media":86202,"comment_status":"open","ping_status":"closed","sticky":false,"template":"","format":"standard","meta":{"_acf_changed":false,"footnotes":""},"categories":[2752,6,1783],"tags":[23,4736,98],"class_list":["post-86200","post","type-post","status-publish","format-standard","has-post-thumbnail","hentry","category-cover","category-entwickler","category-feature","tag-app-store","tag-apple","tag-mac-app-store"],"acf":[],"aioseo_notices":[],"subheadline":["Apple handelt"],"featured_image":["http:\/\/images.ifun.de\/wp-content\/uploads\/2015\/12\/pple.jpg"],"rest_api_enabler":{"subheadline":"Apple handelt","featured_image":"http:\/\/images.ifun.de\/wp-content\/uploads\/2015\/12\/pple.jpg"},"_links":{"self":[{"href":"https:\/\/www.ifun.de\/apiv2\/wp\/v2\/posts\/86200","targetHints":{"allow":["GET"]}}],"collection":[{"href":"https:\/\/www.ifun.de\/apiv2\/wp\/v2\/posts"}],"about":[{"href":"https:\/\/www.ifun.de\/apiv2\/wp\/v2\/types\/post"}],"author":[{"embeddable":true,"href":"https:\/\/www.ifun.de\/apiv2\/wp\/v2\/users\/1"}],"replies":[{"embeddable":true,"href":"https:\/\/www.ifun.de\/apiv2\/wp\/v2\/comments?post=86200"}],"version-history":[{"count":6,"href":"https:\/\/www.ifun.de\/apiv2\/wp\/v2\/posts\/86200\/revisions"}],"predecessor-version":[{"id":86217,"href":"https:\/\/www.ifun.de\/apiv2\/wp\/v2\/posts\/86200\/revisions\/86217"}],"wp:featuredmedia":[{"embeddable":true,"href":"https:\/\/www.ifun.de\/apiv2\/wp\/v2\/media\/86202"}],"wp:attachment":[{"href":"https:\/\/www.ifun.de\/apiv2\/wp\/v2\/media?parent=86200"}],"wp:term":[{"taxonomy":"category","embeddable":true,"href":"https:\/\/www.ifun.de\/apiv2\/wp\/v2\/categories?post=86200"},{"taxonomy":"post_tag","embeddable":true,"href":"https:\/\/www.ifun.de\/apiv2\/wp\/v2\/tags?post=86200"}],"curies":[{"name":"wp","href":"https:\/\/api.w.org\/{rel}","templated":true}]}}