{"id":85019,"date":"2015-11-23T11:03:42","date_gmt":"2015-11-23T10:03:42","guid":{"rendered":"http:\/\/www.ifun.de\/?p=85019"},"modified":"2015-11-23T11:06:36","modified_gmt":"2015-11-23T10:06:36","slug":"icloud-fuer-unternehmen-kauft-apple-dropbox-oder-box","status":"publish","type":"post","link":"https:\/\/www.ifun.de\/icloud-fuer-unternehmen-kauft-apple-dropbox-oder-box-85019\/","title":{"rendered":"iCloud f\u00fcr Unternehmen: Kauft Apple Dropbox oder Box?"},"content":{"rendered":"<p>Kauft Apple <a href=\"https:\/\/www.dropbox.com\">Dropbox<\/a> oder <a href=\"https:\/\/www.box.com\/de_DE\/front\/\">Box<\/a>? Wenn es nach den Analysten von CCS Insight geht, halten Tim Cook und Co. schon l\u00e4ngere Zeit Ausschau nach M\u00f6glichkeiten, die eigenen Cloud-Angebote durch eine potente \u00dcbernahme zu st\u00e4rken. Insbesondere die Cloud-Unterst\u00fctzung f\u00fcr Unternehmen k\u00f6nne so deutlich erweitert werden, Dropbox und Box scheinen f\u00fcr ein derartiges Vorgaben besonders attraktiv.<\/p>\n<p><a href=\"http:\/\/images.ifun.de\/wp-content\/uploads\/2015\/11\/50022.jpg\"><img loading=\"lazy\" decoding=\"async\" src=\"http:\/\/images.ifun.de\/wp-content\/uploads\/2015\/11\/50022.jpg\" alt=\"500\" width=\"500\" height=\"334\" class=\"alignnone size-full wp-image-85020\" srcset=\"https:\/\/images.ifun.de\/wp-content\/uploads\/2015\/11\/50022.jpg 500w, https:\/\/images.ifun.de\/wp-content\/uploads\/2015\/11\/50022-300x200.jpg 300w\" sizes=\"auto, (max-width: 500px) 100vw, 500px\" \/><\/a><\/p>\n<h6>(Bilder: <a href=\"http:\/\/www.shutterstock.com\/\">Shutterstock<\/a>)<\/h6>\n<p>Einem Bericht auf <a href=\"http:\/\/www.computerworld.com\/article\/3007183\/apple-ios\/is-apple-preparing-to-take-8-billion-from-google.html\">Computerworld<\/a> zufolge hat Apple-Chef Tim Cook im Zusammenhang mit der Tatsache, dass Apple mit Unternehmenskunden mittlerweile j\u00e4hrlich 25 Milliarden Umsatz genierere deutlich gemacht, dass dieser Markt besondere Unterst\u00fctzung verdiene. Apples Chef f\u00fcr digitale Angebote Eddy Cue wurde konkreter, man trenne nicht mehr zwischen Arbeits- und Privatger\u00e4ten, sondern nutze die gleichen Produkte \u00fcberall.<\/p>\n<blockquote>\n<p>There\u2019s no longer the enterprise in the sense of the products you use there that you don\u2019t use somewhere else. Now, you get to use the products everywhere<\/p>\n<\/blockquote>\n<p>Apples Versuche, ein eigenes, leistungsf\u00e4higes Cloud-Angebot auf die Beine zu stellen, f\u00fchren seit Jahren nicht zum erw\u00fcnschten Erfolg. Insbesondere f\u00fcr Unternehmenskunden hat der Hersteller kein ausreichendes und zuverl\u00e4ssiges Angebot im Portfolio. Eine Einkaufstour in diesem Bereich k\u00f6nnte Apples Marktposition hier deutlich st\u00e4rken.<\/p>\n<p>Besonders attraktiv mit Blick auf dieses Ziel scheint dabei Box zu sein. Das Kundenportfolio des Anbieters zieren bereits bekannte Unternehmen wie General Electric oder Toyota. Tim Cook hat das Gesch\u00e4ftsmodell von Box erst vor wenigen Wochen mit den Worten \u201ethere&#39;s no doubt in my mind the best companies will be the most mobile\u201c geadelt.<\/p>\n<p>Box schreibt sich im Gegenzug die Unterst\u00fctzung von iOS besonders gro\u00df auf die Fahnen und verspricht bestm\u00f6gliche Unterst\u00fctzung f\u00fcr Apples Mobilger\u00e4te. So wurde gerade erst auch die <a rel=\"noindex, nofollow\" rel=\"noindex, nofollow\" href=\"http:\/\/www.ifun.de\/app\/290853822\">Box-App f\u00fcr iOS<\/a> aktualisiert. Unter anderem unterst\u00fctzt die Anwendung nun Multitasking auf dem iPad und bietet 3D-Touch-Optionen f\u00fcr die neuen iPhone-Modelle.<\/p>\n","protected":false},"excerpt":{"rendered":"<a href=\"https:\/\/www.ifun.de\/icloud-fuer-unternehmen-kauft-apple-dropbox-oder-box-85019\/\"><img width=\"150\" height=\"150\" src=\"https:\/\/images.ifun.de\/wp-content\/uploads\/2015\/11\/header22-150x150.jpg\" class=\"alignright tfe wp-post-image\" alt=\"\" decoding=\"async\" loading=\"lazy\" \/><\/a><p>Kauft Apple Dropbox oder Box? Wenn es nach den Analysten von CCS Insight geht, halten Tim Cook und Co. schon l\u00e4ngere Zeit Ausschau nach M\u00f6glichkeiten, die eigenen Cloud-Angebote durch eine potente \u00dcbernahme zu st\u00e4rken. Insbesondere die Cloud-Unterst\u00fctzung f\u00fcr Unternehmen k\u00f6nne so deutlich erweitert werden, Dropbox und Box scheinen f\u00fcr ein derartiges Vorgaben besonders attraktiv. (Bilder: [&hellip;]<\/p>\n","protected":false},"author":2,"featured_media":85021,"comment_status":"open","ping_status":"closed","sticky":false,"template":"","format":"standard","meta":{"_acf_changed":false,"footnotes":""},"categories":[1],"tags":[4736,68],"class_list":["post-85019","post","type-post","status-publish","format-standard","has-post-thumbnail","hentry","category-news","tag-apple","tag-wirtschaft"],"acf":[],"aioseo_notices":[],"featured_image":["http:\/\/images.ifun.de\/wp-content\/uploads\/2015\/11\/header22.jpg"],"rest_api_enabler":{"featured_image":"http:\/\/images.ifun.de\/wp-content\/uploads\/2015\/11\/header22.jpg"},"_links":{"self":[{"href":"https:\/\/www.ifun.de\/apiv2\/wp\/v2\/posts\/85019","targetHints":{"allow":["GET"]}}],"collection":[{"href":"https:\/\/www.ifun.de\/apiv2\/wp\/v2\/posts"}],"about":[{"href":"https:\/\/www.ifun.de\/apiv2\/wp\/v2\/types\/post"}],"author":[{"embeddable":true,"href":"https:\/\/www.ifun.de\/apiv2\/wp\/v2\/users\/2"}],"replies":[{"embeddable":true,"href":"https:\/\/www.ifun.de\/apiv2\/wp\/v2\/comments?post=85019"}],"version-history":[{"count":3,"href":"https:\/\/www.ifun.de\/apiv2\/wp\/v2\/posts\/85019\/revisions"}],"predecessor-version":[{"id":85024,"href":"https:\/\/www.ifun.de\/apiv2\/wp\/v2\/posts\/85019\/revisions\/85024"}],"wp:featuredmedia":[{"embeddable":true,"href":"https:\/\/www.ifun.de\/apiv2\/wp\/v2\/media\/85021"}],"wp:attachment":[{"href":"https:\/\/www.ifun.de\/apiv2\/wp\/v2\/media?parent=85019"}],"wp:term":[{"taxonomy":"category","embeddable":true,"href":"https:\/\/www.ifun.de\/apiv2\/wp\/v2\/categories?post=85019"},{"taxonomy":"post_tag","embeddable":true,"href":"https:\/\/www.ifun.de\/apiv2\/wp\/v2\/tags?post=85019"}],"curies":[{"name":"wp","href":"https:\/\/api.w.org\/{rel}","templated":true}]}}