{"id":84894,"date":"2015-11-19T14:50:50","date_gmt":"2015-11-19T13:50:50","guid":{"rendered":"http:\/\/www.ifun.de\/?p=84894"},"modified":"2015-11-19T14:50:50","modified_gmt":"2015-11-19T13:50:50","slug":"apple-pencil-von-innen-ein-1-gramm-leichtes-motherboard","status":"publish","type":"post","link":"https:\/\/www.ifun.de\/apple-pencil-von-innen-ein-1-gramm-leichtes-motherboard-84894\/","title":{"rendered":"Apple Pencil von innen: Ein 1 Gramm leichtes Motherboard"},"content":{"rendered":"<p>Die Meinungen zum <a href=\"http:\/\/ifun.de\/applestore\/http:\/\/store.apple.com\/de\/go\/product\/MK0C2\" title=\"Apple Onlineshop\">Apple Pencil<\/a> sind haupts\u00e4chlich aufgrund seines hohen Preises sehr kontrovers. Wer den Stift aber einmal in der Hand hatte, neigt deutlich eher dazu, die von Apple aufgerufenen 109 Euro bereitwillig hinzubl\u00e4ttern. Im Zusammenspiel mit dem iPad Pro l\u00e4sst der Zeichenstift die Konkurrenz weit hinter sich.<\/p>\n<p><a href=\"http:\/\/images.ifun.de\/wp-content\/uploads\/2015\/11\/50021.jpg\"><img loading=\"lazy\" decoding=\"async\" src=\"http:\/\/images.ifun.de\/wp-content\/uploads\/2015\/11\/50021.jpg\" alt=\"500\" width=\"500\" height=\"325\" class=\"alignnone size-full wp-image-84897\" srcset=\"https:\/\/images.ifun.de\/wp-content\/uploads\/2015\/11\/50021.jpg 500w, https:\/\/images.ifun.de\/wp-content\/uploads\/2015\/11\/50021-300x195.jpg 300w\" sizes=\"auto, (max-width: 500px) 100vw, 500px\" \/><\/a><\/p>\n<p>Die Reparaturexperten von <a href=\"https:\/\/www.ifixit.com\/Teardown\/Apple+Pencil+Teardown\/52955\">ifixit<\/a> haben sich dem Inneren des Stiftes gewidmet und k\u00f6nnen best\u00e4tigen, dass Apple ein hohes Ma\u00df an aktueller Technik auf engstem Raum verbaut hat. Unter anderem f\u00f6rderte das Innere des Pencil die kleinste Hauptplatine hervor, die die ohne Zweifel erfahrenen Techniker bislang in die Finger bekommen haben. Lediglich 1 Gramm wiegt das Rechenzentrum des Stiftes.<\/p>\n<p>Die Tatsache, dass der Stift vom Anwender nicht zu \u00f6ffnen und somit auch der verbaute Akku nicht austauschbar ist, l\u00e4sst sich mit Blick auf die aufw\u00e4ndige und dennoch unglaublich kompakte Konstruktion nachvollziehen. Wenn ihr euch f\u00fcr alle Details aus dem Inneren des Apple Pencil interessiert, klickt ihr euch <a href=\"https:\/\/www.ifixit.com\/Teardown\/Apple+Pencil+Teardown\/52955\">weiter zu ifixit<\/a>. Wer den Stift kaufen will, muss leider jedoch immer noch <a href=\"http:\/\/www.ifun.de\/apple-pencil-4-5-wochen-lieferzeit-fuer-das-wichtigste-ipad-pro-zubehoer-84737\/\">lange Wartezeiten<\/a> in Kauf nehmen.<\/p>\n<p><a href=\"http:\/\/images.ifun.de\/wp-content\/uploads\/2015\/11\/7004.jpg\"><img loading=\"lazy\" decoding=\"async\" src=\"http:\/\/images.ifun.de\/wp-content\/uploads\/2015\/11\/7004.jpg\" alt=\"700\" width=\"700\" height=\"387\" class=\"alignnone size-full wp-image-84896\" srcset=\"https:\/\/images.ifun.de\/wp-content\/uploads\/2015\/11\/7004.jpg 700w, https:\/\/images.ifun.de\/wp-content\/uploads\/2015\/11\/7004-300x166.jpg 300w\" sizes=\"auto, (max-width: 700px) 100vw, 700px\" \/><\/a><\/p>\n","protected":false},"excerpt":{"rendered":"<a href=\"https:\/\/www.ifun.de\/apple-pencil-von-innen-ein-1-gramm-leichtes-motherboard-84894\/\"><img width=\"150\" height=\"150\" src=\"https:\/\/images.ifun.de\/wp-content\/uploads\/2015\/11\/50021-150x150.jpg\" class=\"alignright tfe wp-post-image\" alt=\"\" decoding=\"async\" loading=\"lazy\" \/><\/a><p>Die Meinungen zum Apple Pencil sind haupts\u00e4chlich aufgrund seines hohen Preises sehr kontrovers. Wer den Stift aber einmal in der Hand hatte, neigt deutlich eher dazu, die von Apple aufgerufenen 109 Euro bereitwillig hinzubl\u00e4ttern. Im Zusammenspiel mit dem iPad Pro l\u00e4sst der Zeichenstift die Konkurrenz weit hinter sich. Die Reparaturexperten von ifixit haben sich dem [&hellip;]<\/p>\n","protected":false},"author":2,"featured_media":84897,"comment_status":"open","ping_status":"closed","sticky":false,"template":"","format":"standard","meta":{"_acf_changed":false,"footnotes":""},"categories":[22],"tags":[2868],"class_list":["post-84894","post","type-post","status-publish","format-standard","has-post-thumbnail","hentry","category-zubehor","tag-apple-pencil"],"acf":[],"aioseo_notices":[],"featured_image":["http:\/\/images.ifun.de\/wp-content\/uploads\/2015\/11\/header21.jpg"],"rest_api_enabler":{"featured_image":"http:\/\/images.ifun.de\/wp-content\/uploads\/2015\/11\/header21.jpg"},"_links":{"self":[{"href":"https:\/\/www.ifun.de\/apiv2\/wp\/v2\/posts\/84894","targetHints":{"allow":["GET"]}}],"collection":[{"href":"https:\/\/www.ifun.de\/apiv2\/wp\/v2\/posts"}],"about":[{"href":"https:\/\/www.ifun.de\/apiv2\/wp\/v2\/types\/post"}],"author":[{"embeddable":true,"href":"https:\/\/www.ifun.de\/apiv2\/wp\/v2\/users\/2"}],"replies":[{"embeddable":true,"href":"https:\/\/www.ifun.de\/apiv2\/wp\/v2\/comments?post=84894"}],"version-history":[{"count":1,"href":"https:\/\/www.ifun.de\/apiv2\/wp\/v2\/posts\/84894\/revisions"}],"predecessor-version":[{"id":84898,"href":"https:\/\/www.ifun.de\/apiv2\/wp\/v2\/posts\/84894\/revisions\/84898"}],"wp:featuredmedia":[{"embeddable":true,"href":"https:\/\/www.ifun.de\/apiv2\/wp\/v2\/media\/84897"}],"wp:attachment":[{"href":"https:\/\/www.ifun.de\/apiv2\/wp\/v2\/media?parent=84894"}],"wp:term":[{"taxonomy":"category","embeddable":true,"href":"https:\/\/www.ifun.de\/apiv2\/wp\/v2\/categories?post=84894"},{"taxonomy":"post_tag","embeddable":true,"href":"https:\/\/www.ifun.de\/apiv2\/wp\/v2\/tags?post=84894"}],"curies":[{"name":"wp","href":"https:\/\/api.w.org\/{rel}","templated":true}]}}