{"id":84737,"date":"2015-11-17T07:41:58","date_gmt":"2015-11-17T06:41:58","guid":{"rendered":"http:\/\/www.ifun.de\/?p=84737"},"modified":"2015-11-17T07:43:23","modified_gmt":"2015-11-17T06:43:23","slug":"apple-pencil-4-5-wochen-lieferzeit-fuer-das-wichtigste-ipad-pro-zubehoer","status":"publish","type":"post","link":"https:\/\/www.ifun.de\/apple-pencil-4-5-wochen-lieferzeit-fuer-das-wichtigste-ipad-pro-zubehoer-84737\/","title":{"rendered":"Apple Pencil: 4 &#8211; 5 Wochen Lieferzeit f\u00fcr das wichtigste iPad-Pro-Zubeh\u00f6r"},"content":{"rendered":"<p>4 bis 5 Wochen Lieferzeit nennt der <a href=\"http:\/\/ifun.de\/applestore\/http:\/\/store.apple.com\/de\/go\/product\/MK0C2\">Apple Onlineshop<\/a> mittlerweile f\u00fcr den <a href=\"http:\/\/ifun.de\/applestore\/http:\/\/store.apple.com\/de\/go\/product\/MK0C2\">Apple Pencil<\/a>. Damit r\u00fcckt das wichtigste Zubeh\u00f6r f\u00fcr das iPad Pro f\u00fcr Neubesteller in weite Ferne. Ein gro\u00dfer Teil der Kaufinteressenten f\u00fcr das iPad Pro hat gleichzeitig auch Interesse an dem Stift bekundet und zeigt sich von diesem schlecht koordinierten Produktstart entt\u00e4uscht. Fr\u00fchbesteller k\u00f6nnen dagegen auf eine Auslieferung noch in dieser Woche hoffen.<\/p>\n<p><a href=\"http:\/\/images.ifun.de\/wp-content\/uploads\/2015\/11\/apple-pencil-500.jpg\"><img loading=\"lazy\" decoding=\"async\" src=\"http:\/\/images.ifun.de\/wp-content\/uploads\/2015\/11\/apple-pencil-500.jpg\" alt=\"apple-pencil-500\" width=\"500\" height=\"294\" class=\"alignnone size-full wp-image-84738\" srcset=\"https:\/\/images.ifun.de\/wp-content\/uploads\/2015\/11\/apple-pencil-500.jpg 500w, https:\/\/images.ifun.de\/wp-content\/uploads\/2015\/11\/apple-pencil-500-300x176.jpg 300w\" sizes=\"auto, (max-width: 500px) 100vw, 500px\" \/><\/a><\/p>\n<p>Der Apple Pencil ist zwar teuer, hinterl\u00e4sst allerdings auch einen hervorragenden ersten Eindruck. Wir konnten den Stift im Zusammenspiel mit dem iPad Pro bereits ein wenig testen und waren durchaus angetan. Die feine Spitze zeichnet exakt und hinterl\u00e4sst ihre Spuren auf dem Touchscreen des gro\u00dfen iPad mit erfreulich wenig Zeitverz\u00f6gerung, leicht schr\u00e4g gehalten verh\u00e4lt sich der Pencil wie ein echter Bleistift und erlaubt gef\u00fchlvolles Schraffieren (sofern die genutzte App dies unterst\u00fctzt). Bei all dem liegt der Stift auch noch hervorragend in der Hand. Somit d\u00fcrften sich zumindest f\u00fcr kreative Nutzer die wahren Vorteile des iPad Pro erst in Kombination mit dem Apple-Stift zeigen.<\/p>\n<h2>Johnny, The Pencil Case<\/h2>\n<p>Mit dem Kauf des teuren Stiftes kommt die Frage \u201ewie transportiere ich den?\u201c. Es gibt noch keine Erfahrungswerte dahingehend, inwieweit es \u00fcberhaupt n\u00f6tig ist, die Spitze des Apple Pencil gro\u00dfartig zu sch\u00fctzen. Im Lieferumfang des Stiftes ist \u00fcbrigens auch eine Ersatzspitze enthalten und Apple wird die Spitzen in K\u00fcrze sicher auch separat anbieten.<\/p>\n<p>Verst\u00e4ndlich ist es dennoch, wenn man seine 109-Euro-Investition nicht einfach so in Handtasche oder Rucksack versenken will. Die Macher von <a href=\"https:\/\/www.indiegogo.com\/projects\/johnny-the-pencil-case#\/\">Johnny, The Pencil Case<\/a> sammeln daher auf Indiegogo Geld f\u00fcr ein speziell f\u00fcr den Stift angefertigte H\u00fclle. Etwas aufw\u00e4ndig vielleicht, eine einfach Kappe h\u00e4tte wohl auch gen\u00fcgt, aber urteilt selbst:<\/p>\n<p><div class=\"responsive-video\"><iframe loading=\"lazy\" width=\"700\" height=\"394\" src=\"https:\/\/www.youtube-nocookie.com\/embed\/duBB83-LjkA?rel=0\" frameborder=\"0\" allowfullscreen><\/iframe><\/div><\/p>\n","protected":false},"excerpt":{"rendered":"<a href=\"https:\/\/www.ifun.de\/apple-pencil-4-5-wochen-lieferzeit-fuer-das-wichtigste-ipad-pro-zubehoer-84737\/\"><img width=\"150\" height=\"150\" src=\"https:\/\/images.ifun.de\/wp-content\/uploads\/2015\/11\/apple-pencil-500-150x150.jpg\" class=\"alignright tfe wp-post-image\" alt=\"\" decoding=\"async\" loading=\"lazy\" \/><\/a><p>4 bis 5 Wochen Lieferzeit nennt der Apple Onlineshop mittlerweile f\u00fcr den Apple Pencil. Damit r\u00fcckt das wichtigste Zubeh\u00f6r f\u00fcr das iPad Pro f\u00fcr Neubesteller in weite Ferne. Ein gro\u00dfer Teil der Kaufinteressenten f\u00fcr das iPad Pro hat gleichzeitig auch Interesse an dem Stift bekundet und zeigt sich von diesem schlecht koordinierten Produktstart entt\u00e4uscht. Fr\u00fchbesteller [&hellip;]<\/p>\n","protected":false},"author":2,"featured_media":84738,"comment_status":"open","ping_status":"closed","sticky":false,"template":"","format":"standard","meta":{"_acf_changed":false,"footnotes":""},"categories":[22],"tags":[2868,2486],"class_list":["post-84737","post","type-post","status-publish","format-standard","has-post-thumbnail","hentry","category-zubehor","tag-apple-pencil","tag-ipad-pro"],"acf":[],"aioseo_notices":[],"featured_image":["http:\/\/images.ifun.de\/wp-content\/uploads\/2015\/11\/apple-pencil-header.jpg"],"rest_api_enabler":{"featured_image":"http:\/\/images.ifun.de\/wp-content\/uploads\/2015\/11\/apple-pencil-header.jpg"},"_links":{"self":[{"href":"https:\/\/www.ifun.de\/apiv2\/wp\/v2\/posts\/84737","targetHints":{"allow":["GET"]}}],"collection":[{"href":"https:\/\/www.ifun.de\/apiv2\/wp\/v2\/posts"}],"about":[{"href":"https:\/\/www.ifun.de\/apiv2\/wp\/v2\/types\/post"}],"author":[{"embeddable":true,"href":"https:\/\/www.ifun.de\/apiv2\/wp\/v2\/users\/2"}],"replies":[{"embeddable":true,"href":"https:\/\/www.ifun.de\/apiv2\/wp\/v2\/comments?post=84737"}],"version-history":[{"count":3,"href":"https:\/\/www.ifun.de\/apiv2\/wp\/v2\/posts\/84737\/revisions"}],"predecessor-version":[{"id":84742,"href":"https:\/\/www.ifun.de\/apiv2\/wp\/v2\/posts\/84737\/revisions\/84742"}],"wp:featuredmedia":[{"embeddable":true,"href":"https:\/\/www.ifun.de\/apiv2\/wp\/v2\/media\/84738"}],"wp:attachment":[{"href":"https:\/\/www.ifun.de\/apiv2\/wp\/v2\/media?parent=84737"}],"wp:term":[{"taxonomy":"category","embeddable":true,"href":"https:\/\/www.ifun.de\/apiv2\/wp\/v2\/categories?post=84737"},{"taxonomy":"post_tag","embeddable":true,"href":"https:\/\/www.ifun.de\/apiv2\/wp\/v2\/tags?post=84737"}],"curies":[{"name":"wp","href":"https:\/\/api.w.org\/{rel}","templated":true}]}}