{"id":84514,"date":"2015-11-12T07:26:23","date_gmt":"2015-11-12T06:26:23","guid":{"rendered":"http:\/\/www.ifun.de\/?p=84514"},"modified":"2015-11-12T07:26:23","modified_gmt":"2015-11-12T06:26:23","slug":"ipad-pro-landet-in-den-apple-stores-ein-erster-blick-ins-innere","status":"publish","type":"post","link":"https:\/\/www.ifun.de\/ipad-pro-landet-in-den-apple-stores-ein-erster-blick-ins-innere-84514\/","title":{"rendered":"iPad Pro landet in den Apple Stores &#8211; Ein erster Blick ins Innere"},"content":{"rendered":"<p>Rund um den Globus haben bereits etliche Apple-Ladengesch\u00e4fte das iPad Pro vorr\u00e4tig. Auch in Deutschland wird aus einigen Apple Stores gemeldet, dass man das Tablet dort direkt mitnehmen kann (schreibt in die Kommentare, wo ihr es bereits gesehen habt). Die fr\u00fche Verf\u00fcgbarkeit hat es den Reparaturexperten von <a href=\"https:\/\/www.ifixit.com\/Teardown\/iPad+Pro+Teardown\/52599\">ifixit<\/a> bereits erm\u00f6glicht, das Ger\u00e4t in seine Einzelteile zu zerlegen.<\/p>\n<p><a href=\"http:\/\/images.ifun.de\/wp-content\/uploads\/2015\/11\/ipad-pro-innen-2.jpg\"><img loading=\"lazy\" decoding=\"async\" src=\"http:\/\/images.ifun.de\/wp-content\/uploads\/2015\/11\/ipad-pro-innen-2.jpg\" alt=\"ipad-pro-innen-2\" width=\"500\" height=\"274\" class=\"alignnone size-full wp-image-84518\" srcset=\"https:\/\/images.ifun.de\/wp-content\/uploads\/2015\/11\/ipad-pro-innen-2.jpg 500w, https:\/\/images.ifun.de\/wp-content\/uploads\/2015\/11\/ipad-pro-innen-2-300x164.jpg 300w\" sizes=\"auto, (max-width: 500px) 100vw, 500px\" \/><\/a><\/p>\n<p>Da sich das iPad Pro from Grundaufbau im Inneren nicht sonderlich vom iPad Air 2 unterscheidet, bietet das gr\u00f6\u00dfere Geh\u00e4use zun\u00e4chst jede Menge zus\u00e4tzlichen Platz. Apple hat diesen allerdings nicht f\u00fcr erh\u00f6hte Akku-Kapazit\u00e4t genutzt. Eine Rolle bei dieser Entscheidung d\u00fcrfte sicher auch die damit verbundene Gewichtserh\u00f6hung gespielt haben. Dementsprechend konnten die Apple-Techniker die erstmals vier in einem iPad verbauten Lautsprecher unter vergleichsweise luxuri\u00f6sen Platzverh\u00e4ltnissen verbauen. Die Lautsprecherkonstruktion belegt halb so viel Platz wie der komplette Akku des Ger\u00e4ts.<\/p>\n<p><a href=\"http:\/\/images.ifun.de\/wp-content\/uploads\/2015\/11\/ipad-pro-lautsprecher.jpg\"><img loading=\"lazy\" decoding=\"async\" src=\"http:\/\/images.ifun.de\/wp-content\/uploads\/2015\/11\/ipad-pro-lautsprecher.jpg\" alt=\"ipad-pro-lautsprecher\" width=\"700\" height=\"422\" class=\"alignnone size-full wp-image-84516\" srcset=\"https:\/\/images.ifun.de\/wp-content\/uploads\/2015\/11\/ipad-pro-lautsprecher.jpg 700w, https:\/\/images.ifun.de\/wp-content\/uploads\/2015\/11\/ipad-pro-lautsprecher-300x181.jpg 300w\" sizes=\"auto, (max-width: 700px) 100vw, 700px\" \/><\/a><\/p>\n<p>Die Reparaturfreundlichkeit des Ger\u00e4ts wird mit 3 von 10 Punkten bewertet. Positiv wirkt sich dabei die Tatsache aus, dass der Akku nicht fest mit der Hauptplatine verl\u00f6tet ist und somit einfach getauscht werden kann. Der neue Smart Connector dagegen ist nicht separat auswechselbar, macht den Technikern zufolge aber auch eine sehr robusten Eindruck und sollte keinerlei Probleme bereiten. Wie bei Apple \u00f6fter der Fall, sind LCD-Panel und Frontglas miteinander verklebt, dies erleichtert zwar Ein- und Ausbau und erlaubt zudem d\u00fcnnere Konstruktionen, erfordert aber im Schadensfall den Tausch beider Komponenten.<\/p>\n<p><a href=\"http:\/\/images.ifun.de\/wp-content\/uploads\/2015\/11\/ipad-pro-700-innen.jpg\"><img loading=\"lazy\" decoding=\"async\" src=\"http:\/\/images.ifun.de\/wp-content\/uploads\/2015\/11\/ipad-pro-700-innen.jpg\" alt=\"ipad-pro-700-innen\" width=\"700\" height=\"525\" class=\"alignnone size-full wp-image-84517\" srcset=\"https:\/\/images.ifun.de\/wp-content\/uploads\/2015\/11\/ipad-pro-700-innen.jpg 700w, https:\/\/images.ifun.de\/wp-content\/uploads\/2015\/11\/ipad-pro-700-innen-300x225.jpg 300w\" sizes=\"auto, (max-width: 700px) 100vw, 700px\" \/><\/a><\/p>\n","protected":false},"excerpt":{"rendered":"<a href=\"https:\/\/www.ifun.de\/ipad-pro-landet-in-den-apple-stores-ein-erster-blick-ins-innere-84514\/\"><img width=\"150\" height=\"150\" src=\"https:\/\/images.ifun.de\/wp-content\/uploads\/2015\/11\/ipad-pro-700-innen-150x150.jpg\" class=\"alignright tfe wp-post-image\" alt=\"\" decoding=\"async\" loading=\"lazy\" \/><\/a><p>Rund um den Globus haben bereits etliche Apple-Ladengesch\u00e4fte das iPad Pro vorr\u00e4tig. Auch in Deutschland wird aus einigen Apple Stores gemeldet, dass man das Tablet dort direkt mitnehmen kann (schreibt in die Kommentare, wo ihr es bereits gesehen habt). Die fr\u00fche Verf\u00fcgbarkeit hat es den Reparaturexperten von ifixit bereits erm\u00f6glicht, das Ger\u00e4t in seine Einzelteile [&hellip;]<\/p>\n","protected":false},"author":2,"featured_media":84517,"comment_status":"open","ping_status":"closed","sticky":false,"template":"","format":"standard","meta":{"_acf_changed":false,"footnotes":""},"categories":[10],"tags":[2486],"class_list":["post-84514","post","type-post","status-publish","format-standard","has-post-thumbnail","hentry","category-ipad","tag-ipad-pro"],"acf":[],"aioseo_notices":[],"featured_image":["http:\/\/images.ifun.de\/wp-content\/uploads\/2015\/11\/ipad-pro-innen.jpg"],"rest_api_enabler":{"featured_image":"http:\/\/images.ifun.de\/wp-content\/uploads\/2015\/11\/ipad-pro-innen.jpg"},"_links":{"self":[{"href":"https:\/\/www.ifun.de\/apiv2\/wp\/v2\/posts\/84514","targetHints":{"allow":["GET"]}}],"collection":[{"href":"https:\/\/www.ifun.de\/apiv2\/wp\/v2\/posts"}],"about":[{"href":"https:\/\/www.ifun.de\/apiv2\/wp\/v2\/types\/post"}],"author":[{"embeddable":true,"href":"https:\/\/www.ifun.de\/apiv2\/wp\/v2\/users\/2"}],"replies":[{"embeddable":true,"href":"https:\/\/www.ifun.de\/apiv2\/wp\/v2\/comments?post=84514"}],"version-history":[{"count":2,"href":"https:\/\/www.ifun.de\/apiv2\/wp\/v2\/posts\/84514\/revisions"}],"predecessor-version":[{"id":84520,"href":"https:\/\/www.ifun.de\/apiv2\/wp\/v2\/posts\/84514\/revisions\/84520"}],"wp:featuredmedia":[{"embeddable":true,"href":"https:\/\/www.ifun.de\/apiv2\/wp\/v2\/media\/84517"}],"wp:attachment":[{"href":"https:\/\/www.ifun.de\/apiv2\/wp\/v2\/media?parent=84514"}],"wp:term":[{"taxonomy":"category","embeddable":true,"href":"https:\/\/www.ifun.de\/apiv2\/wp\/v2\/categories?post=84514"},{"taxonomy":"post_tag","embeddable":true,"href":"https:\/\/www.ifun.de\/apiv2\/wp\/v2\/tags?post=84514"}],"curies":[{"name":"wp","href":"https:\/\/api.w.org\/{rel}","templated":true}]}}