{"id":84449,"date":"2015-11-11T09:27:04","date_gmt":"2015-11-11T08:27:04","guid":{"rendered":"http:\/\/www.ifun.de\/?p=84449"},"modified":"2015-11-11T11:05:40","modified_gmt":"2015-11-11T10:05:40","slug":"bestellstart-ipad-pro-jetzt-im-apple-onlinestore-verfuegbar","status":"publish","type":"post","link":"https:\/\/www.ifun.de\/bestellstart-ipad-pro-jetzt-im-apple-onlinestore-verfuegbar-84449\/","title":{"rendered":"Bestellstart: iPad Pro jetzt im Apple Onlinestore verf\u00fcgbar"},"content":{"rendered":"<p>Das iPad Pro kann ab sofort <a href=\"http:\/\/aos.prf.hn\/click\/camref:ihXz\/creativeref:305134\">im Apple Onlinestore<\/a> bestellt werden. Wie angek\u00fcndigt bietet Apple von heute an die M\u00f6glichkeit zur Vorbestellung, als Termin f\u00fcr die Auslieferung sowie die Verf\u00fcgbarkeit in den Apple-Ladengesch\u00e4ften und bei weiteren Vertriebspartnern darf der Freitag notiert werden.<\/p>\n<p><a href=\"http:\/\/images.ifun.de\/wp-content\/uploads\/2015\/10\/ipad-pro-farben-500.jpg\"><img loading=\"lazy\" decoding=\"async\" src=\"http:\/\/images.ifun.de\/wp-content\/uploads\/2015\/10\/ipad-pro-farben-500.jpg\" alt=\"ipad-pro-farben-500\" width=\"500\" height=\"450\" class=\"alignnone size-full wp-image-83150\" srcset=\"https:\/\/images.ifun.de\/wp-content\/uploads\/2015\/10\/ipad-pro-farben-500.jpg 500w, https:\/\/images.ifun.de\/wp-content\/uploads\/2015\/10\/ipad-pro-farben-500-300x270.jpg 300w\" sizes=\"auto, (max-width: 500px) 100vw, 500px\" \/><\/a><\/p>\n<p>Apple startet mit dem Verkauf des 12,9&#8243;-Tablets zeitgleich in mehr als 40 L\u00e4ndern rund um den Globus. Neben den USA und Deutschland sind auch Kunden in der Schweiz, \u00d6sterreich und Luxemburg vom ersten Tag an im Boot. <\/p>\n<p>Der Einstiegspreis f\u00fcr das Ger\u00e4t liegt bei 899 Euro f\u00fcr das 32 GB Wi-Fi-Modell, 1079 Euro f\u00fcr die Wi-Fi-Variante mit 128 GB Speicher und f\u00fcr das 128 GB WiFi + Cellular-Modell m\u00fcssen 1229 Euro \u00fcber den Tresen geschoben werden. Das iPad Pro ist in den drei Standardfarben Gold, Silber und Space Grau erh\u00e4ltlich. <\/p>\n<p><a href=\"http:\/\/images.ifun.de\/wp-content\/uploads\/2015\/11\/ipad-pro-700.jpg\"><img loading=\"lazy\" decoding=\"async\" src=\"http:\/\/images.ifun.de\/wp-content\/uploads\/2015\/11\/ipad-pro-700.jpg\" alt=\"ipad-pro-700\" width=\"700\" height=\"438\" class=\"alignnone size-full wp-image-84452\" srcset=\"https:\/\/images.ifun.de\/wp-content\/uploads\/2015\/11\/ipad-pro-700.jpg 700w, https:\/\/images.ifun.de\/wp-content\/uploads\/2015\/11\/ipad-pro-700-300x188.jpg 300w\" sizes=\"auto, (max-width: 700px) 100vw, 700px\" \/><\/a><\/p>\n<p>An Zubeh\u00f6r bietet Apple das iPad Pro Smart Cover aus Polyurethan in Anthrazit und Wei\u00df zum Preis von 69 Euro sowie Silikon-H\u00fcllen ebenfalls in Anthrazit oder Wei\u00df zum Preis von 89 Euro an. Zudem nat\u00fcrlich den Zeichenstift <a href=\"http:\/\/ifun.de\/applestore\/http:\/\/store.apple.com\/de\/go\/product\/MK0C2\">Apple Pencil<\/a> f\u00fcr 109 Euro und das Smart Keyboard in der Farbe Anthrazit f\u00fcr 179 Euro. Bei der Tastaturh\u00fclle <a href=\"http:\/\/www.apple.com\/de\/smart-keyboard\/\">Smart Keyboard<\/a> solltet ihr allerdings beachten, dass diese im Moment <a href=\"http:\/\/www.ifun.de\/smart-keyboard-fuer-ipad-pro-zunaechst-nicht-mit-deutschem-tastaturlayout-83142\/\" title=\"nicht mit deutschem Tastaturlayout\">nur mit englischem Tastaturlayout<\/a> erh\u00e4ltlich ist.<\/p>\n","protected":false},"excerpt":{"rendered":"<a href=\"https:\/\/www.ifun.de\/bestellstart-ipad-pro-jetzt-im-apple-onlinestore-verfuegbar-84449\/\"><img width=\"150\" height=\"150\" src=\"https:\/\/images.ifun.de\/wp-content\/uploads\/2015\/11\/ipad-pro-header1-150x150.jpg\" class=\"alignright tfe wp-post-image\" alt=\"\" decoding=\"async\" loading=\"lazy\" \/><\/a><p>Das iPad Pro kann ab sofort im Apple Onlinestore bestellt werden. Wie angek\u00fcndigt bietet Apple von heute an die M\u00f6glichkeit zur Vorbestellung, als Termin f\u00fcr die Auslieferung sowie die Verf\u00fcgbarkeit in den Apple-Ladengesch\u00e4ften und bei weiteren Vertriebspartnern darf der Freitag notiert werden. Apple startet mit dem Verkauf des 12,9&#8243;-Tablets zeitgleich in mehr als 40 L\u00e4ndern [&hellip;]<\/p>\n","protected":false},"author":2,"featured_media":84451,"comment_status":"open","ping_status":"closed","sticky":false,"template":"","format":"standard","meta":{"_acf_changed":false,"footnotes":""},"categories":[10,1783],"tags":[2486],"class_list":["post-84449","post","type-post","status-publish","format-standard","has-post-thumbnail","hentry","category-ipad","category-feature","tag-ipad-pro"],"acf":[],"aioseo_notices":[],"featured_image":["http:\/\/images.ifun.de\/wp-content\/uploads\/2015\/11\/ipad-pro-header1.jpg","http:\/\/images.ifun.de\/wp-content\/uploads\/2015\/11\/ipad-pro-header1.jpg","http:\/\/images.ifun.de\/wp-content\/uploads\/2015\/11\/ipad-pro-header1.jpg","http:\/\/images.ifun.de\/wp-content\/uploads\/2015\/11\/ipad-pro-header1.jpg"],"rest_api_enabler":{"featured_image":["http:\/\/images.ifun.de\/wp-content\/uploads\/2015\/11\/ipad-pro-header1.jpg","http:\/\/images.ifun.de\/wp-content\/uploads\/2015\/11\/ipad-pro-header1.jpg","http:\/\/images.ifun.de\/wp-content\/uploads\/2015\/11\/ipad-pro-header1.jpg","http:\/\/images.ifun.de\/wp-content\/uploads\/2015\/11\/ipad-pro-header1.jpg"]},"_links":{"self":[{"href":"https:\/\/www.ifun.de\/apiv2\/wp\/v2\/posts\/84449","targetHints":{"allow":["GET"]}}],"collection":[{"href":"https:\/\/www.ifun.de\/apiv2\/wp\/v2\/posts"}],"about":[{"href":"https:\/\/www.ifun.de\/apiv2\/wp\/v2\/types\/post"}],"author":[{"embeddable":true,"href":"https:\/\/www.ifun.de\/apiv2\/wp\/v2\/users\/2"}],"replies":[{"embeddable":true,"href":"https:\/\/www.ifun.de\/apiv2\/wp\/v2\/comments?post=84449"}],"version-history":[{"count":5,"href":"https:\/\/www.ifun.de\/apiv2\/wp\/v2\/posts\/84449\/revisions"}],"predecessor-version":[{"id":84463,"href":"https:\/\/www.ifun.de\/apiv2\/wp\/v2\/posts\/84449\/revisions\/84463"}],"wp:featuredmedia":[{"embeddable":true,"href":"https:\/\/www.ifun.de\/apiv2\/wp\/v2\/media\/84451"}],"wp:attachment":[{"href":"https:\/\/www.ifun.de\/apiv2\/wp\/v2\/media?parent=84449"}],"wp:term":[{"taxonomy":"category","embeddable":true,"href":"https:\/\/www.ifun.de\/apiv2\/wp\/v2\/categories?post=84449"},{"taxonomy":"post_tag","embeddable":true,"href":"https:\/\/www.ifun.de\/apiv2\/wp\/v2\/tags?post=84449"}],"curies":[{"name":"wp","href":"https:\/\/api.w.org\/{rel}","templated":true}]}}