{"id":84255,"date":"2015-11-07T13:45:12","date_gmt":"2015-11-07T12:45:12","guid":{"rendered":"http:\/\/www.ifun.de\/?p=84255"},"modified":"2015-11-07T13:48:27","modified_gmt":"2015-11-07T12:48:27","slug":"steve-jobs-film-autor-regisseur-und-hauptdarsteller-sprechen-ueber-den-apple-gruender-video","status":"publish","type":"post","link":"https:\/\/www.ifun.de\/steve-jobs-film-autor-regisseur-und-hauptdarsteller-sprechen-ueber-den-apple-gruender-video-84255\/","title":{"rendered":"Steve-Jobs-Film: Autor, Regisseur und Hauptdarsteller sprechen \u00fcber den Apple-Gr\u00fcnder (Video)"},"content":{"rendered":"<p>N\u00e4chste Woche kommt \u201e<a href=\"http:\/\/www.jobsfilm.de\">Steve Jobs<\/a>\u201c auch hierzulande in die Kinos. Der Film basiert auf der von Walter Isaacson verfassten Biografie des ehemaligen Apple-Chefs und charakterisiert diesen anhand von drei wichtigen Produktver\u00f6ffentlichungen.<\/p>\n<p><a href=\"http:\/\/images.ifun.de\/wp-content\/uploads\/2015\/11\/steve-jobs-film-500.jpg\"><img loading=\"lazy\" decoding=\"async\" src=\"http:\/\/images.ifun.de\/wp-content\/uploads\/2015\/11\/steve-jobs-film-500.jpg\" alt=\"steve-jobs-film-500\" width=\"500\" height=\"310\" class=\"alignnone size-full wp-image-84257\" srcset=\"https:\/\/images.ifun.de\/wp-content\/uploads\/2015\/11\/steve-jobs-film-500.jpg 500w, https:\/\/images.ifun.de\/wp-content\/uploads\/2015\/11\/steve-jobs-film-500-300x186.jpg 300w\" sizes=\"auto, (max-width: 500px) 100vw, 500px\" \/><\/a><\/p>\n<p>Im Video unten sprechen Drehbuchautor Aaron Sorkin, der Regisseur Danny Boyle, die Hauptdarsteller und ein Filmkritiker \u00fcber die Person Steve Jobs und dessen Einfluss auf unser heutiges Leben. <\/p>\n<p>Diese Einsichten sind sicher auch mit Blick darauf von Interesse, dass die Darstellung von Jobs im Film besonders von Personen aus dem Apple-Umfeld stark kritisiert wird. Das Bild des Apple-Gr\u00fcnders werde zu negativ und falsch gezeichnet. Dem widerspricht Jobs\u2019 ehemaliger Gr\u00fcndungs-Partner bei Apple Steve Wozniak in einem <a href=\"http:\/\/www.bloomberg.com\/news\/articles\/2015-10-12\/wozniak-on-the-steve-jobs-movie-and-why-accuracy-doesn-t-matter\">Interview<\/a>. Auch wenn es s\u00e4mtliche im Film gezeigten gemeinsamen Szenen mit ihm und Steve Jobs in der Realit\u00e4t so nie gegeben habe, sei der Film die bislang treffendste Darstellung Apples. Es gehe weniger um die Wirklichkeit als um Pers\u00f6nlichkeiten.<\/p>\n<p><div class=\"responsive-video\"><iframe loading=\"lazy\" width=\"700\" height=\"394\" src=\"https:\/\/www.youtube-nocookie.com\/embed\/O0V8QOnyLcA\" frameborder=\"0\" allowfullscreen><\/iframe><\/div><\/p>\n","protected":false},"excerpt":{"rendered":"<a href=\"https:\/\/www.ifun.de\/steve-jobs-film-autor-regisseur-und-hauptdarsteller-sprechen-ueber-den-apple-gruender-video-84255\/\"><img width=\"150\" height=\"150\" src=\"https:\/\/images.ifun.de\/wp-content\/uploads\/2015\/11\/steve-jobs-film-header-150x150.jpg\" class=\"alignright tfe wp-post-image\" alt=\"\" decoding=\"async\" loading=\"lazy\" \/><\/a><p>N\u00e4chste Woche kommt \u201eSteve Jobs\u201c auch hierzulande in die Kinos. Der Film basiert auf der von Walter Isaacson verfassten Biografie des ehemaligen Apple-Chefs und charakterisiert diesen anhand von drei wichtigen Produktver\u00f6ffentlichungen. Im Video unten sprechen Drehbuchautor Aaron Sorkin, der Regisseur Danny Boyle, die Hauptdarsteller und ein Filmkritiker \u00fcber die Person Steve Jobs und dessen Einfluss [&hellip;]<\/p>\n","protected":false},"author":2,"featured_media":84256,"comment_status":"open","ping_status":"closed","sticky":false,"template":"","format":"standard","meta":{"_acf_changed":false,"footnotes":""},"categories":[20],"tags":[57,67],"class_list":["post-84255","post","type-post","status-publish","format-standard","has-post-thumbnail","hentry","category-videos","tag-film","tag-steve-jobs"],"acf":[],"aioseo_notices":[],"featured_image":["http:\/\/images.ifun.de\/wp-content\/uploads\/2015\/11\/steve-jobs-film-header.jpg"],"rest_api_enabler":{"featured_image":"http:\/\/images.ifun.de\/wp-content\/uploads\/2015\/11\/steve-jobs-film-header.jpg"},"_links":{"self":[{"href":"https:\/\/www.ifun.de\/apiv2\/wp\/v2\/posts\/84255","targetHints":{"allow":["GET"]}}],"collection":[{"href":"https:\/\/www.ifun.de\/apiv2\/wp\/v2\/posts"}],"about":[{"href":"https:\/\/www.ifun.de\/apiv2\/wp\/v2\/types\/post"}],"author":[{"embeddable":true,"href":"https:\/\/www.ifun.de\/apiv2\/wp\/v2\/users\/2"}],"replies":[{"embeddable":true,"href":"https:\/\/www.ifun.de\/apiv2\/wp\/v2\/comments?post=84255"}],"version-history":[{"count":4,"href":"https:\/\/www.ifun.de\/apiv2\/wp\/v2\/posts\/84255\/revisions"}],"predecessor-version":[{"id":84261,"href":"https:\/\/www.ifun.de\/apiv2\/wp\/v2\/posts\/84255\/revisions\/84261"}],"wp:featuredmedia":[{"embeddable":true,"href":"https:\/\/www.ifun.de\/apiv2\/wp\/v2\/media\/84256"}],"wp:attachment":[{"href":"https:\/\/www.ifun.de\/apiv2\/wp\/v2\/media?parent=84255"}],"wp:term":[{"taxonomy":"category","embeddable":true,"href":"https:\/\/www.ifun.de\/apiv2\/wp\/v2\/categories?post=84255"},{"taxonomy":"post_tag","embeddable":true,"href":"https:\/\/www.ifun.de\/apiv2\/wp\/v2\/tags?post=84255"}],"curies":[{"name":"wp","href":"https:\/\/api.w.org\/{rel}","templated":true}]}}