{"id":83749,"date":"2015-10-29T11:30:23","date_gmt":"2015-10-29T10:30:23","guid":{"rendered":"http:\/\/www.ifun.de\/?p=83749"},"modified":"2015-10-29T11:33:53","modified_gmt":"2015-10-29T10:33:53","slug":"apple-tv-zdf-mediathek-zum-start-mit-dabei","status":"publish","type":"post","link":"https:\/\/www.ifun.de\/apple-tv-zdf-mediathek-zum-start-mit-dabei-83749\/","title":{"rendered":"Apple TV: ZDF Mediathek zum Start mit dabei"},"content":{"rendered":"<p>Das ZDF wird die Inhalte seiner Mediathek zum Start von Apple TV 4 auch auf der neuen Apple-Set-Top-Box \u00fcber eine eigenst\u00e4ndige App anbrieten. Dies hat der Sender per Pressemitteilung bekanntgegeben.<\/p>\n<p><a href=\"http:\/\/images.ifun.de\/wp-content\/uploads\/2015\/10\/zdf-mediathek-500.jpg\"><img loading=\"lazy\" decoding=\"async\" src=\"http:\/\/images.ifun.de\/wp-content\/uploads\/2015\/10\/zdf-mediathek-500.jpg\" alt=\"zdf-mediathek-500\" width=\"500\" height=\"281\" class=\"alignnone size-full wp-image-83758\" srcset=\"https:\/\/images.ifun.de\/wp-content\/uploads\/2015\/10\/zdf-mediathek-500.jpg 500w, https:\/\/images.ifun.de\/wp-content\/uploads\/2015\/10\/zdf-mediathek-500-300x169.jpg 300w\" sizes=\"auto, (max-width: 500px) 100vw, 500px\" \/><\/a><\/p>\n<blockquote>\n<p>Die ZDFmediathek ist jetzt auch auf Apple TV die erste Adresse f\u00fcr bestes Fernsehen mit innovativem Nutzungserlebnis. Wenn Apples neue TV-Box in diesen Tagen erh\u00e4ltlich sein wird, ist auch die ZDFmediathek von Beginn an als App dabei. Die neueste Applikation des k\u00fcrzlich mit dem &quot;Eyes &amp; Ears Award&quot; ausgezeichneten Videoportals des ZDF nutzt dabei die innovativen Funktionen der neuen App-Plattform aus, um das ZDF-Programm so einfach wie m\u00f6glich zug\u00e4nglich zu machen.<\/p>\n<\/blockquote>\n<p>Die ZDF Mediathek f\u00fcr Apple TV wird \u00fcber eine Merkliste und eine einfache, auf die neue Plattform angepasste Benutzerf\u00fchrung verf\u00fcgen. Neben dem Hauptkanal bietet die App auch Zugriff die On-Demand-Angebote von ZDFneo und ZDFinfo sowie Livestreams der eigenen Kan\u00e4le und Partnersender.<\/p>\n<p><a href=\"http:\/\/images.ifun.de\/wp-content\/uploads\/2015\/10\/70018.jpg\"><img loading=\"lazy\" decoding=\"async\" src=\"http:\/\/images.ifun.de\/wp-content\/uploads\/2015\/10\/70018.jpg\" alt=\"700\" width=\"700\" height=\"394\" class=\"alignnone size-full wp-image-83757\" srcset=\"https:\/\/images.ifun.de\/wp-content\/uploads\/2015\/10\/70018.jpg 700w, https:\/\/images.ifun.de\/wp-content\/uploads\/2015\/10\/70018-300x169.jpg 300w\" sizes=\"auto, (max-width: 700px) 100vw, 700px\" \/><\/a><\/p>\n","protected":false},"excerpt":{"rendered":"<a href=\"https:\/\/www.ifun.de\/apple-tv-zdf-mediathek-zum-start-mit-dabei-83749\/\"><img width=\"150\" height=\"150\" src=\"https:\/\/images.ifun.de\/wp-content\/uploads\/2015\/10\/apple-tv-zdf-150x150.jpg\" class=\"alignright tfe wp-post-image\" alt=\"\" decoding=\"async\" loading=\"lazy\" \/><\/a><p>Das ZDF wird die Inhalte seiner Mediathek zum Start von Apple TV 4 auch auf der neuen Apple-Set-Top-Box \u00fcber eine eigenst\u00e4ndige App anbrieten. Dies hat der Sender per Pressemitteilung bekanntgegeben. Die ZDFmediathek ist jetzt auch auf Apple TV die erste Adresse f\u00fcr bestes Fernsehen mit innovativem Nutzungserlebnis. Wenn Apples neue TV-Box in diesen Tagen erh\u00e4ltlich [&hellip;]<\/p>\n","protected":false},"author":2,"featured_media":83752,"comment_status":"open","ping_status":"closed","sticky":false,"template":"","format":"standard","meta":{"_acf_changed":false,"footnotes":""},"categories":[4],"tags":[],"class_list":["post-83749","post","type-post","status-publish","format-standard","has-post-thumbnail","hentry","category-appletv"],"acf":[],"aioseo_notices":[],"featured_image":["http:\/\/images.ifun.de\/wp-content\/uploads\/2015\/10\/zdf.jpg"],"rest_api_enabler":{"featured_image":"http:\/\/images.ifun.de\/wp-content\/uploads\/2015\/10\/zdf.jpg"},"_links":{"self":[{"href":"https:\/\/www.ifun.de\/apiv2\/wp\/v2\/posts\/83749","targetHints":{"allow":["GET"]}}],"collection":[{"href":"https:\/\/www.ifun.de\/apiv2\/wp\/v2\/posts"}],"about":[{"href":"https:\/\/www.ifun.de\/apiv2\/wp\/v2\/types\/post"}],"author":[{"embeddable":true,"href":"https:\/\/www.ifun.de\/apiv2\/wp\/v2\/users\/2"}],"replies":[{"embeddable":true,"href":"https:\/\/www.ifun.de\/apiv2\/wp\/v2\/comments?post=83749"}],"version-history":[{"count":4,"href":"https:\/\/www.ifun.de\/apiv2\/wp\/v2\/posts\/83749\/revisions"}],"predecessor-version":[{"id":83759,"href":"https:\/\/www.ifun.de\/apiv2\/wp\/v2\/posts\/83749\/revisions\/83759"}],"wp:featuredmedia":[{"embeddable":true,"href":"https:\/\/www.ifun.de\/apiv2\/wp\/v2\/media\/83752"}],"wp:attachment":[{"href":"https:\/\/www.ifun.de\/apiv2\/wp\/v2\/media?parent=83749"}],"wp:term":[{"taxonomy":"category","embeddable":true,"href":"https:\/\/www.ifun.de\/apiv2\/wp\/v2\/categories?post=83749"},{"taxonomy":"post_tag","embeddable":true,"href":"https:\/\/www.ifun.de\/apiv2\/wp\/v2\/tags?post=83749"}],"curies":[{"name":"wp","href":"https:\/\/api.w.org\/{rel}","templated":true}]}}