{"id":83603,"date":"2015-10-27T11:37:59","date_gmt":"2015-10-27T10:37:59","guid":{"rendered":"http:\/\/www.ifun.de\/?p=83603"},"modified":"2015-10-27T11:40:26","modified_gmt":"2015-10-27T10:40:26","slug":"ipad-pro-haendlerseite-deutet-verkaufsstart-bis-mitte-november-an","status":"publish","type":"post","link":"https:\/\/www.ifun.de\/ipad-pro-haendlerseite-deutet-verkaufsstart-bis-mitte-november-an-83603\/","title":{"rendered":"iPad Pro: H\u00e4ndlerseite deutet Verkaufsstart bis Mitte November an"},"content":{"rendered":"<p>Seit gestern l\u00e4sst sich das neue <a href=\"http:\/\/www.ifun.de\/apple-tv-bestellstart-und-auslieferung-naechste-woche-83248\/\">Apple TV vorbestellen<\/a>, Mit Blick auf die Verf\u00fcgbarkeit des <a href=\"http:\/\/www.ifun.de\/ipad-pro-kommt-im-november-zu-preisen-ab-799-dollar-81515\/\" title=\"iPad Pro\">iPad Pro<\/a> beschr\u00e4nkt sich Apple aber weiter auf den Hinweis \u201eKommt im November\u201c. Zuletzt hatten amerikanische Webseiten einen Bestellstart gemeinsam mit dem neuen Apple TV <a href=\"http:\/\/www.ifun.de\/apple-tv-und-ipad-pro-vorbestellung-ende-oktober-auslieferung-im-november-82839\/\">prognostiziert<\/a>, immerhin konnten wir bereits die voraussichtlichen Euro-Preise f\u00fcr das Ger\u00e4t <a href=\"http:\/\/www.ifun.de\/ipad-pro-in-deutschland-voraussichtlich-ab-899-euro-erhaeltlich-83149\/\">in Erfahrung bringen<\/a>.<\/p>\n<p>Einen Hinweis darauf, dass Apple mit der Auslieferung des iPad Pro nicht bis in die letzten Novembertage wartet, liefert uns der deutsche Apple-H\u00e4ndler Cyberport. Dort wurde die <a href=\"https:\/\/www.cyberport.de\/apple-ipad-pro-wi-fi-plus-cellular-128-gb-spacegrau-ml2i2fd-a--1H64-007_1530.html\">Produktseite<\/a> f\u00fcr die 1229 Euro teure \u201eWi-Fi + Cellular\u201c-Variante bereits vorbereitet, als voraussichtlicher Verf\u00fcgbarkeitstermin wird der 19. November genannt. Dies w\u00fcrde daf\u00fcr sprechen, dass Apple bereits fr\u00fch im November Vorbestellungen annimmt und mit der Auslieferung \u00fcber die eigenen Kan\u00e4le wom\u00f6glich schon in der ersten Novemberh\u00e4lfte beginnt. (Danke Markus)<\/p>\n<p><a href=\"http:\/\/images.ifun.de\/wp-content\/uploads\/2015\/10\/ipad-pro.jpg\"><img loading=\"lazy\" decoding=\"async\" src=\"http:\/\/images.ifun.de\/wp-content\/uploads\/2015\/10\/ipad-pro.jpg\" alt=\"ipad-pro\" width=\"700\" height=\"571\" class=\"alignnone size-full wp-image-83605\" srcset=\"https:\/\/images.ifun.de\/wp-content\/uploads\/2015\/10\/ipad-pro.jpg 700w, https:\/\/images.ifun.de\/wp-content\/uploads\/2015\/10\/ipad-pro-300x245.jpg 300w\" sizes=\"auto, (max-width: 700px) 100vw, 700px\" \/><\/a><\/p>\n<h2>Rechnet Apple mit schwachen Verkaufszahlen?<\/h2>\n<p>Wenn eine aktuelle Meldung des taiwanesischen Brancheninformationsdienstes <a href=\"http:\/\/www.digitimes.com\/news\/a20151026PD208.html\">DigiTimes<\/a> f\u00fcr bare M\u00fcnze nehmen, sch\u00e4tzt Apple die initiale Nachfrage nach dem gro\u00dfen iPad nicht all zu hoch ein. Aus Herstellerkreisen verlautet, dass Apple zun\u00e4chst weniger als 2,5 Millionen Ger\u00e4te in Auftrag gegeben hat. Sicherlich eine unbest\u00e4tigte Meldung, aber vielleicht l\u00e4sst sich mit derart verhaltenen Erwartungen auch die Tatsache erkl\u00e4ren, dass die Tastaturh\u00fclle Smart Keyboard <a href=\"http:\/\/www.ifun.de\/smart-keyboard-fuer-ipad-pro-zunaechst-nicht-mit-deutschem-tastaturlayout-83142\/\">zun\u00e4chst nicht mit deutschem Tastaturlayout<\/a> erh\u00e4ltlich sein wird. Mit einem Bestellstart im November geht Apple \u00fcbrigens auch Nachfragen diesbez\u00fcglich im Rahmen der f\u00fcr heute Abend angesetzten <a href=\"http:\/\/investor.apple.com\">Bekanntgabe<\/a> der Wirtschaftszahlen f\u00fcr das vierte Quartal des Gesch\u00e4ftsjahres 2015.<\/p>\n","protected":false},"excerpt":{"rendered":"<a href=\"https:\/\/www.ifun.de\/ipad-pro-haendlerseite-deutet-verkaufsstart-bis-mitte-november-an-83603\/\"><img width=\"150\" height=\"150\" src=\"https:\/\/images.ifun.de\/wp-content\/uploads\/2015\/10\/ipad-pro-header-pencil-150x150.jpg\" class=\"alignright tfe wp-post-image\" alt=\"\" decoding=\"async\" loading=\"lazy\" \/><\/a><p>Seit gestern l\u00e4sst sich das neue Apple TV vorbestellen, Mit Blick auf die Verf\u00fcgbarkeit des iPad Pro beschr\u00e4nkt sich Apple aber weiter auf den Hinweis \u201eKommt im November\u201c. Zuletzt hatten amerikanische Webseiten einen Bestellstart gemeinsam mit dem neuen Apple TV prognostiziert, immerhin konnten wir bereits die voraussichtlichen Euro-Preise f\u00fcr das Ger\u00e4t in Erfahrung bringen. Einen [&hellip;]<\/p>\n","protected":false},"author":2,"featured_media":83606,"comment_status":"open","ping_status":"closed","sticky":false,"template":"","format":"standard","meta":{"_acf_changed":false,"footnotes":""},"categories":[10],"tags":[2486],"class_list":["post-83603","post","type-post","status-publish","format-standard","has-post-thumbnail","hentry","category-ipad","tag-ipad-pro"],"acf":[],"aioseo_notices":[],"featured_image":["http:\/\/images.ifun.de\/wp-content\/uploads\/2015\/10\/ipad-pro-header-pencil.jpg"],"rest_api_enabler":{"featured_image":"http:\/\/images.ifun.de\/wp-content\/uploads\/2015\/10\/ipad-pro-header-pencil.jpg"},"_links":{"self":[{"href":"https:\/\/www.ifun.de\/apiv2\/wp\/v2\/posts\/83603","targetHints":{"allow":["GET"]}}],"collection":[{"href":"https:\/\/www.ifun.de\/apiv2\/wp\/v2\/posts"}],"about":[{"href":"https:\/\/www.ifun.de\/apiv2\/wp\/v2\/types\/post"}],"author":[{"embeddable":true,"href":"https:\/\/www.ifun.de\/apiv2\/wp\/v2\/users\/2"}],"replies":[{"embeddable":true,"href":"https:\/\/www.ifun.de\/apiv2\/wp\/v2\/comments?post=83603"}],"version-history":[{"count":4,"href":"https:\/\/www.ifun.de\/apiv2\/wp\/v2\/posts\/83603\/revisions"}],"predecessor-version":[{"id":83609,"href":"https:\/\/www.ifun.de\/apiv2\/wp\/v2\/posts\/83603\/revisions\/83609"}],"wp:featuredmedia":[{"embeddable":true,"href":"https:\/\/www.ifun.de\/apiv2\/wp\/v2\/media\/83606"}],"wp:attachment":[{"href":"https:\/\/www.ifun.de\/apiv2\/wp\/v2\/media?parent=83603"}],"wp:term":[{"taxonomy":"category","embeddable":true,"href":"https:\/\/www.ifun.de\/apiv2\/wp\/v2\/categories?post=83603"},{"taxonomy":"post_tag","embeddable":true,"href":"https:\/\/www.ifun.de\/apiv2\/wp\/v2\/tags?post=83603"}],"curies":[{"name":"wp","href":"https:\/\/api.w.org\/{rel}","templated":true}]}}