{"id":83056,"date":"2015-10-14T10:09:22","date_gmt":"2015-10-14T08:09:22","guid":{"rendered":"http:\/\/www.ifun.de\/?p=83056"},"modified":"2015-10-14T10:11:25","modified_gmt":"2015-10-14T08:11:25","slug":"upgrade-machts-moeglich-parallels-desktop-fuer-mac-inklusive-zusatzakku-fuer-48-euro","status":"publish","type":"post","link":"https:\/\/www.ifun.de\/upgrade-machts-moeglich-parallels-desktop-fuer-mac-inklusive-zusatzakku-fuer-48-euro-83056\/","title":{"rendered":"Upgrade machts m\u00f6glich: Parallels Desktop f\u00fcr Mac inklusive Zusatzakku f\u00fcr 48 Euro"},"content":{"rendered":"<p>Seit August ist die Virtualisierungssoftware <a href=\"http:\/\/www.jdoqocy.com\/click-7465401-12248456-1434265220000\" title=\"Parallels Desktop f\u00fcr Mac\">Parallels Desktop f\u00fcr Mac<\/a> in Version 11 erh\u00e4ltlich. Das Update brachte nicht nur volle Unterst\u00fctzung von Windows 10 inklusive der Microsoft-Sprachassistentin Cortana, sondern auch die M\u00f6glichkeit, OS X El Capitan parallel zu einem \u00e4lteren Betriebssystem auf dem Mac auszuf\u00fchren.<\/p>\n<p><a href=\"http:\/\/images.ifun.de\/wp-content\/uploads\/2015\/08\/parallels-11-500.jpg\"><img loading=\"lazy\" decoding=\"async\" src=\"http:\/\/images.ifun.de\/wp-content\/uploads\/2015\/08\/parallels-11-500.jpg\" alt=\"parallels-11-500\" width=\"500\" height=\"286\" class=\"alignnone size-full wp-image-80675\" srcset=\"https:\/\/images.ifun.de\/wp-content\/uploads\/2015\/08\/parallels-11-500.jpg 500w, https:\/\/images.ifun.de\/wp-content\/uploads\/2015\/08\/parallels-11-500-300x172.jpg 300w\" sizes=\"auto, (max-width: 500px) 100vw, 500px\" \/><\/a><\/p>\n<p>\u00dcber einen \u201eUpgrade-Trick\u201c kommt ihr gerade zum Preis von 49 Euro an die regul\u00e4r 80 Euro teure Lizenz der App und bekommt noch einen Zusatzakku f\u00fcr iPhone oder iPad obendrauf: <a rel=\"noindex, nofollow\" href=\"http:\/\/www.ifun.de\/amzn\/B00YSLQRSQ\">Amazon<\/a> bietet die Vorg\u00e4ngerversion gerade <a rel=\"noindex, nofollow\" href=\"http:\/\/www.ifun.de\/amzn\/B00YSLQRSQ\">im Paket mit dem Akku<\/a> zum Sonderpreis an. Wie ihr das Upgrade auf Version 11 bekommt, ist <a href=\"http:\/\/www.parallels.com\/de\/techguarantee2015\/\">hier bei Parallels<\/a> beschrieben. (Danke Udo)<\/p>\n<p>Parallels 11 erlaubt die komfortable Installation und Nutzung von verschiedenen Betriebssystemen. F\u00fcr den Wechsel dazwischen ist kein Neustart notwendig, sondern es kann wie beim Wechsel zwischen zwei Mac-Anwendungen hin und her gesprungen werden. Damit lassen sich Windows-Funktion oder -Anwendungen auch direkt im Mac-Arbeitsablauf nutzen. Auch die neue Microsoft-Sprachassistentin Cortana steht Mac-Nutzern auf diese Weise jederzeit zur Verf\u00fcgung. Aber aufgepasst: Parallels bietet nur die Basis f\u00fcr die Installation von Windows, eine Windows-Lizenz wird zus\u00e4tzlich ben\u00f6tigt.<\/p>\n<p><a href=\"http:\/\/images.ifun.de\/wp-content\/uploads\/2015\/08\/paralllels-11-700.jpg\"><img loading=\"lazy\" decoding=\"async\" src=\"http:\/\/images.ifun.de\/wp-content\/uploads\/2015\/08\/paralllels-11-700.jpg\" alt=\"paralllels-11-700\" width=\"700\" height=\"438\" class=\"alignnone size-full wp-image-80676\" srcset=\"https:\/\/images.ifun.de\/wp-content\/uploads\/2015\/08\/paralllels-11-700.jpg 700w, https:\/\/images.ifun.de\/wp-content\/uploads\/2015\/08\/paralllels-11-700-300x188.jpg 300w\" sizes=\"auto, (max-width: 700px) 100vw, 700px\" \/><\/a><\/p>\n<p>Neu ist die Unterscheidung zwischen einer Pro-Version und der Standardversion von Parallels Desktop. Die im obigen Angebot enthaltene Standard-Edition zielt auf Privatanwender und bietet keinerlei Upgrade-Anspruch. Zum Preis von 99,99 Euro bietet Parallels eine Pro-Version im Jahres-Abo an, bei der die Nutzung der iOS-Remote-L\u00f6sung Parallels Access sowie verschiedene Entwicklerwerkzeuge im Preis enthalten sind. F\u00fcr Bestandskunden gibt es hier derzeit eine Sonderaktion, bei der sich der Abo-Preis auf 49,99 Euro reduziert.<\/p>\n<p><div class=\"responsive-video\"><iframe loading=\"lazy\" width=\"700\" height=\"394\" src=\"https:\/\/www.youtube-nocookie.com\/embed\/b-qTlOoNSLM?rel=0\" frameborder=\"0\" allowfullscreen><\/iframe><\/div><\/p>\n","protected":false},"excerpt":{"rendered":"<a href=\"https:\/\/www.ifun.de\/upgrade-machts-moeglich-parallels-desktop-fuer-mac-inklusive-zusatzakku-fuer-48-euro-83056\/\"><img decoding=\"async\" width=\"150\" src=\"http:\/\/images.ifun.de\/wp-content\/uploads\/2015\/08\/parallels-11-500.jpg\" class=\"alignright wp-post-image tfe\" alt=\"parallels-11-500\" title=\"\" \/><\/a><p>Seit August ist die Virtualisierungssoftware Parallels Desktop f\u00fcr Mac in Version 11 erh\u00e4ltlich. Das Update brachte nicht nur volle Unterst\u00fctzung von Windows 10 inklusive der Microsoft-Sprachassistentin Cortana, sondern auch die M\u00f6glichkeit, OS X El Capitan parallel zu einem \u00e4lteren Betriebssystem auf dem Mac auszuf\u00fchren. \u00dcber einen \u201eUpgrade-Trick\u201c kommt ihr gerade zum Preis von 49 Euro [&hellip;]<\/p>\n","protected":false},"author":2,"featured_media":0,"comment_status":"open","ping_status":"closed","sticky":false,"template":"","format":"standard","meta":{"_acf_changed":false,"footnotes":""},"categories":[16],"tags":[6321,727,52],"class_list":["post-83056","post","type-post","status-publish","format-standard","hentry","category-mac","tag-mac","tag-programme","tag-software"],"acf":[],"aioseo_notices":[],"featured_image":["http:\/\/images.ifun.de\/wp-content\/uploads\/2015\/08\/parallels-header.jpg"],"rest_api_enabler":{"featured_image":"http:\/\/images.ifun.de\/wp-content\/uploads\/2015\/08\/parallels-header.jpg"},"_links":{"self":[{"href":"https:\/\/www.ifun.de\/apiv2\/wp\/v2\/posts\/83056","targetHints":{"allow":["GET"]}}],"collection":[{"href":"https:\/\/www.ifun.de\/apiv2\/wp\/v2\/posts"}],"about":[{"href":"https:\/\/www.ifun.de\/apiv2\/wp\/v2\/types\/post"}],"author":[{"embeddable":true,"href":"https:\/\/www.ifun.de\/apiv2\/wp\/v2\/users\/2"}],"replies":[{"embeddable":true,"href":"https:\/\/www.ifun.de\/apiv2\/wp\/v2\/comments?post=83056"}],"version-history":[{"count":3,"href":"https:\/\/www.ifun.de\/apiv2\/wp\/v2\/posts\/83056\/revisions"}],"predecessor-version":[{"id":83059,"href":"https:\/\/www.ifun.de\/apiv2\/wp\/v2\/posts\/83056\/revisions\/83059"}],"wp:attachment":[{"href":"https:\/\/www.ifun.de\/apiv2\/wp\/v2\/media?parent=83056"}],"wp:term":[{"taxonomy":"category","embeddable":true,"href":"https:\/\/www.ifun.de\/apiv2\/wp\/v2\/categories?post=83056"},{"taxonomy":"post_tag","embeddable":true,"href":"https:\/\/www.ifun.de\/apiv2\/wp\/v2\/tags?post=83056"}],"curies":[{"name":"wp","href":"https:\/\/api.w.org\/{rel}","templated":true}]}}