{"id":82466,"date":"2015-10-01T07:30:26","date_gmt":"2015-10-01T05:30:26","guid":{"rendered":"http:\/\/www.ifun.de\/?p=82466"},"modified":"2015-10-01T07:33:02","modified_gmt":"2015-10-01T05:33:02","slug":"windows-installation-ueber-boot-camp-bei-neuen-macs-ohne-usb-stick","status":"publish","type":"post","link":"https:\/\/www.ifun.de\/windows-installation-ueber-boot-camp-bei-neuen-macs-ohne-usb-stick-82466\/","title":{"rendered":"Windows-Installation \u00fcber Boot Camp bei neuen Macs ohne USB-Stick"},"content":{"rendered":"<p>Mit <a href=\"http:\/\/www.ifun.de\/os-x-10-11-el-capitan-ist-da-diese-neuen-funktionen-muesst-ihr-kennen-82413\/\">OS X El Capitan<\/a> ist die Windows-Installation \u00fcber Boot Camp nun offenbar auch ohne USB-Stick m\u00f6glich. Bislang ist ein USB-Speichermedium mit mindestens 16 GB Kapazit\u00e4t als tempor\u00e4rer Speicherort f\u00fcr Installationsdateien Voraussetzung.<\/p>\n<p><a href=\"http:\/\/images.ifun.de\/wp-content\/uploads\/2014\/02\/bootcamp-500.jpg\"><img loading=\"lazy\" decoding=\"async\" src=\"http:\/\/images.ifun.de\/wp-content\/uploads\/2014\/02\/bootcamp-500.jpg\" alt=\"bootcamp-500\" width=\"500\" height=\"280\" class=\"alignnone size-full wp-image-54776\" srcset=\"https:\/\/images.ifun.de\/wp-content\/uploads\/2014\/02\/bootcamp-500.jpg 500w, https:\/\/images.ifun.de\/wp-content\/uploads\/2014\/02\/bootcamp-500-300x168.jpg 300w\" sizes=\"auto, (max-width: 500px) 100vw, 500px\" \/><\/a><\/p>\n<p>Dem Bericht <a href=\"http:\/\/blog.twocanoes.com\/post\/130203487014\/apple-boot-camp-no-longer-requires-usb-flash-drive\">im Blog<\/a> der Softwareentwickler Twocanoes zufolge, besteht diese M\u00f6glichkeit allerdings nur im Zusammenhang mit den neuen Generationen des MacBook Air, MacBook Pro und Mac Pro. Hier legt der Boot-Camp-Assistent statt der externen Speicherm\u00f6glichkeit eine zus\u00e4tzliche Festplatten-Partition f\u00fcr die Installationsdateien an. Diese wird nach erfolgreicher Installation automatisch wieder gel\u00f6scht. Technische Details dazu k\u00f6nnt ihr im <a href=\"http:\/\/blog.twocanoes.com\/post\/130203487014\/apple-boot-camp-no-longer-requires-usb-flash-drive\">Twocanoes-Blog<\/a> nachlesen.<\/p>\n<p>Apple selbst beschreibt im <a href=\"https:\/\/support.apple.com\/de-de\/HT204990\">offiziellen Support-Dokument<\/a> f\u00fcr Boot Camp weiterhin ausschlie\u00dflich die umst\u00e4ndlichere Methode in Verbindung mit einem USB-Stick.<\/p>\n<h2>Komfortabler mit Parallels oder VMware<\/h2>\n<p>Eine Windows-Installation mit Boot Camp hat die relevante Einschr\u00e4nkung, dass ihr f\u00fcr jeden Wechsel zwischen den Betriebssystemen den Mac neu starten m\u00fcsst. F\u00fcr einen flie\u00dfenden und deutlich komfortableren Wechsel zwischen den Computerwelten empfiehlt sich die Verwendung einer Virtualisierungssoftware. <a href=\"http:\/\/www.jdoqocy.com\/click-7465401-12248456-1434265220000\" title=\"Parallels Desktop f\u00fcr Mac\">Parallels<\/a> und <a href=\"http:\/\/www.vmware.com\/de\/products\/fusion\/features.html?src=ifun\">VMware Fusion<\/a> sind hier an erster Stelle zu nennen. Allerdings garantieren beide Programme stets nur in der neuesten Version die volle Kompatibilit\u00e4t im Zusammenhang mit der Installation auf dem neusten Mac-Betriebssystem (aktuell El Capitan) und ebenso in Verbindung mit der Nutzung neuer Windows- oder auch Mac-Versionen im Rahmen der Virtualisierung.<\/p>\n<p><a href=\"http:\/\/images.ifun.de\/wp-content\/uploads\/2015\/08\/paralllels-11-700.jpg\"><img loading=\"lazy\" decoding=\"async\" src=\"http:\/\/images.ifun.de\/wp-content\/uploads\/2015\/08\/paralllels-11-700.jpg\" alt=\"paralllels-11-700\" width=\"700\" height=\"438\" class=\"alignnone size-full wp-image-80676\" srcset=\"https:\/\/images.ifun.de\/wp-content\/uploads\/2015\/08\/paralllels-11-700.jpg 700w, https:\/\/images.ifun.de\/wp-content\/uploads\/2015\/08\/paralllels-11-700-300x188.jpg 300w\" sizes=\"auto, (max-width: 700px) 100vw, 700px\" \/><\/a><\/p>\n","protected":false},"excerpt":{"rendered":"<a href=\"https:\/\/www.ifun.de\/windows-installation-ueber-boot-camp-bei-neuen-macs-ohne-usb-stick-82466\/\"><img decoding=\"async\" width=\"150\" src=\"http:\/\/images.ifun.de\/wp-content\/uploads\/2014\/02\/bootcamp-500.jpg\" class=\"alignright wp-post-image tfe\" alt=\"bootcamp-500\" title=\"\" \/><\/a><p>Mit OS X El Capitan ist die Windows-Installation \u00fcber Boot Camp nun offenbar auch ohne USB-Stick m\u00f6glich. Bislang ist ein USB-Speichermedium mit mindestens 16 GB Kapazit\u00e4t als tempor\u00e4rer Speicherort f\u00fcr Installationsdateien Voraussetzung. Dem Bericht im Blog der Softwareentwickler Twocanoes zufolge, besteht diese M\u00f6glichkeit allerdings nur im Zusammenhang mit den neuen Generationen des MacBook Air, MacBook [&hellip;]<\/p>\n","protected":false},"author":2,"featured_media":0,"comment_status":"open","ping_status":"closed","sticky":false,"template":"","format":"standard","meta":{"_acf_changed":false,"footnotes":""},"categories":[16],"tags":[6321,293,6324],"class_list":["post-82466","post","type-post","status-publish","format-standard","hentry","category-mac","tag-mac","tag-os-x","tag-windows"],"acf":[],"aioseo_notices":[],"featured_image":["http:\/\/images.ifun.de\/wp-content\/uploads\/2015\/07\/header24.jpg"],"rest_api_enabler":{"featured_image":"http:\/\/images.ifun.de\/wp-content\/uploads\/2015\/07\/header24.jpg"},"_links":{"self":[{"href":"https:\/\/www.ifun.de\/apiv2\/wp\/v2\/posts\/82466","targetHints":{"allow":["GET"]}}],"collection":[{"href":"https:\/\/www.ifun.de\/apiv2\/wp\/v2\/posts"}],"about":[{"href":"https:\/\/www.ifun.de\/apiv2\/wp\/v2\/types\/post"}],"author":[{"embeddable":true,"href":"https:\/\/www.ifun.de\/apiv2\/wp\/v2\/users\/2"}],"replies":[{"embeddable":true,"href":"https:\/\/www.ifun.de\/apiv2\/wp\/v2\/comments?post=82466"}],"version-history":[{"count":2,"href":"https:\/\/www.ifun.de\/apiv2\/wp\/v2\/posts\/82466\/revisions"}],"predecessor-version":[{"id":82468,"href":"https:\/\/www.ifun.de\/apiv2\/wp\/v2\/posts\/82466\/revisions\/82468"}],"wp:attachment":[{"href":"https:\/\/www.ifun.de\/apiv2\/wp\/v2\/media?parent=82466"}],"wp:term":[{"taxonomy":"category","embeddable":true,"href":"https:\/\/www.ifun.de\/apiv2\/wp\/v2\/categories?post=82466"},{"taxonomy":"post_tag","embeddable":true,"href":"https:\/\/www.ifun.de\/apiv2\/wp\/v2\/tags?post=82466"}],"curies":[{"name":"wp","href":"https:\/\/api.w.org\/{rel}","templated":true}]}}