{"id":81961,"date":"2015-09-18T10:12:45","date_gmt":"2015-09-18T08:12:45","guid":{"rendered":"http:\/\/www.ifun.de\/?p=81961"},"modified":"2015-09-18T10:52:45","modified_gmt":"2015-09-18T08:52:45","slug":"appel-music-festival-startet-morgen-mit-ellie-goulding-apple-tv-ist-bereit","status":"publish","type":"post","link":"https:\/\/www.ifun.de\/appel-music-festival-startet-morgen-mit-ellie-goulding-apple-tv-ist-bereit-81961\/","title":{"rendered":"Apple Music Festival startet morgen mit Ellie Goulding &#8211; Apple TV ist bereit"},"content":{"rendered":"<p>Morgen Abend startet das diesj\u00e4hrige iTunes Music Festival unter dem neuen Namen \u201e<a href=\"http:\/\/www.applemusicfestival.com\/\" title=\"Apple Music Festival\">Apple Music Festival<\/a>\u201c. Ab 20:45 Uhr bestreitet Andra Day das Vorprogramm zu Ellie Goulding. Die britische Pop-S\u00e4ngerin steht dann ab 22 Uhr auf der B\u00fchne.<\/p>\n<p><a href=\"http:\/\/images.ifun.de\/wp-content\/uploads\/2015\/09\/itunes-music-festival-apple-tv.jpg\"><img loading=\"lazy\" decoding=\"async\" src=\"http:\/\/images.ifun.de\/wp-content\/uploads\/2015\/09\/itunes-music-festival-apple-tv.jpg\" alt=\"itunes-music-festival-apple-tv\" width=\"500\" height=\"266\" class=\"alignnone size-full wp-image-81962\" srcset=\"https:\/\/images.ifun.de\/wp-content\/uploads\/2015\/09\/itunes-music-festival-apple-tv.jpg 500w, https:\/\/images.ifun.de\/wp-content\/uploads\/2015\/09\/itunes-music-festival-apple-tv-300x160.jpg 300w\" sizes=\"auto, (max-width: 500px) 100vw, 500px\" \/><\/a><\/p>\n<p>Bis zum 28. September holt Apple dann allabendlich bekannte Interpreten und Bands auf die B\u00fchne des Londoner Roundhouse, das Lineup h\u00e4ngen wir unten an. Ihr k\u00f6nnt s\u00e4mtliche Konzerte zu Hause oder auch von unterwegs aus verfolgen. Die Veranstaltungen werden per Livestream auf Apple TV sowie Computer und iOS-Ger\u00e4te \u00fcbertragen.<\/p>\n<p>Apple TV ist bereits f\u00fcr den Empfang der Streams vorbereitet. Auf dem Home-Bildschirm der Set-Top-Box findet sich seit letzter Nacht das Festival-Logo. Vom Computer oder iOS-Ger\u00e4t aus k\u00f6nnt ihr \u00fcber iTunes bzw. Apples Musik-App auf die Live-Videos zugreifen.<\/p>\n<h2>Hier das offizielle Festival-Programm:<\/h2>\n<ul>\n<li>19. September: Ellie Goulding<\/li>\n<li>20. September: Take That<\/li>\n<li>21. September: Carrie Underwood<\/li>\n<li>22. September: One Direction &#038; Little Mix<\/li>\n<li>23. September: The Weeknd<\/li>\n<li>24. September: The Chemical Brothers<\/li>\n<li>25. September: Disclosure &#038; Lion Babe &#038; NAO<\/li>\n<li>26. September: Pharrell Williams &#038; Leon Bridges<\/li>\n<li>27. September: Mumford and Sons &#038; Jack Garratt<\/li>\n<li>28. September: Florence + The Machine &#038; James Bay<\/li>\n<\/ul>\n","protected":false},"excerpt":{"rendered":"<a href=\"https:\/\/www.ifun.de\/appel-music-festival-startet-morgen-mit-ellie-goulding-apple-tv-ist-bereit-81961\/\"><img width=\"150\" height=\"150\" src=\"https:\/\/images.ifun.de\/wp-content\/uploads\/2015\/09\/itunes-music-festival-header-150x150.jpg\" class=\"alignright tfe wp-post-image\" alt=\"\" decoding=\"async\" loading=\"lazy\" \/><\/a><p>Morgen Abend startet das diesj\u00e4hrige iTunes Music Festival unter dem neuen Namen \u201eApple Music Festival\u201c. Ab 20:45 Uhr bestreitet Andra Day das Vorprogramm zu Ellie Goulding. Die britische Pop-S\u00e4ngerin steht dann ab 22 Uhr auf der B\u00fchne. Bis zum 28. September holt Apple dann allabendlich bekannte Interpreten und Bands auf die B\u00fchne des Londoner Roundhouse, [&hellip;]<\/p>\n","protected":false},"author":2,"featured_media":81963,"comment_status":"open","ping_status":"closed","sticky":false,"template":"","format":"standard","meta":{"_acf_changed":false,"footnotes":""},"categories":[13],"tags":[2729,4743],"class_list":["post-81961","post","type-post","status-publish","format-standard","has-post-thumbnail","hentry","category-itunes","tag-apple-music","tag-itunes"],"acf":[],"aioseo_notices":[],"featured_image":["http:\/\/images.ifun.de\/wp-content\/uploads\/2015\/09\/itunes-music-festival-header.jpg"],"rest_api_enabler":{"featured_image":"http:\/\/images.ifun.de\/wp-content\/uploads\/2015\/09\/itunes-music-festival-header.jpg"},"_links":{"self":[{"href":"https:\/\/www.ifun.de\/apiv2\/wp\/v2\/posts\/81961","targetHints":{"allow":["GET"]}}],"collection":[{"href":"https:\/\/www.ifun.de\/apiv2\/wp\/v2\/posts"}],"about":[{"href":"https:\/\/www.ifun.de\/apiv2\/wp\/v2\/types\/post"}],"author":[{"embeddable":true,"href":"https:\/\/www.ifun.de\/apiv2\/wp\/v2\/users\/2"}],"replies":[{"embeddable":true,"href":"https:\/\/www.ifun.de\/apiv2\/wp\/v2\/comments?post=81961"}],"version-history":[{"count":2,"href":"https:\/\/www.ifun.de\/apiv2\/wp\/v2\/posts\/81961\/revisions"}],"predecessor-version":[{"id":81965,"href":"https:\/\/www.ifun.de\/apiv2\/wp\/v2\/posts\/81961\/revisions\/81965"}],"wp:featuredmedia":[{"embeddable":true,"href":"https:\/\/www.ifun.de\/apiv2\/wp\/v2\/media\/81963"}],"wp:attachment":[{"href":"https:\/\/www.ifun.de\/apiv2\/wp\/v2\/media?parent=81961"}],"wp:term":[{"taxonomy":"category","embeddable":true,"href":"https:\/\/www.ifun.de\/apiv2\/wp\/v2\/categories?post=81961"},{"taxonomy":"post_tag","embeddable":true,"href":"https:\/\/www.ifun.de\/apiv2\/wp\/v2\/tags?post=81961"}],"curies":[{"name":"wp","href":"https:\/\/api.w.org\/{rel}","templated":true}]}}