{"id":81957,"date":"2015-09-18T09:46:56","date_gmt":"2015-09-18T07:46:56","guid":{"rendered":"http:\/\/www.ifun.de\/?p=81957"},"modified":"2015-09-18T09:46:56","modified_gmt":"2015-09-18T07:46:56","slug":"steve-jobs-praesentiert-den-imac-neuer-trailer-fuer-den-kommenden-kinofilm","status":"publish","type":"post","link":"https:\/\/www.ifun.de\/steve-jobs-praesentiert-den-imac-neuer-trailer-fuer-den-kommenden-kinofilm-81957\/","title":{"rendered":"Steve Jobs pr\u00e4sentiert den iMac: Neuer Trailer f\u00fcr den kommenden Kinofilm"},"content":{"rendered":"<p>Damit die Steve-Jobs-Dokumentation von Aaron Sorkin im Gespr\u00e4ch bleibt, wirft uns Produktionsfirma Universal regelm\u00e4\u00dfig kleine H\u00e4ppchen in Form von neuen Videotrailern zu. Diesmal d\u00fcrfen wir unter anderem sehen, wie der eben zu Apple zur\u00fcckgekehrte Jobs 1998 den ersten iMac enth\u00fcllt &#8211; einen Video-Mitschnitt der Originalszene findet ihr \u00fcbrigens <a href=\"https:\/\/youtu.be\/oxwmF0OJ0vg?t=19m53s\">hier<\/a>.<\/p>\n<p><a href=\"http:\/\/images.ifun.de\/wp-content\/uploads\/2015\/09\/50011.jpg\"><img loading=\"lazy\" decoding=\"async\" src=\"http:\/\/images.ifun.de\/wp-content\/uploads\/2015\/09\/50011.jpg\" alt=\"500\" width=\"500\" height=\"304\" class=\"alignnone size-full wp-image-81959\" srcset=\"https:\/\/images.ifun.de\/wp-content\/uploads\/2015\/09\/50011.jpg 500w, https:\/\/images.ifun.de\/wp-content\/uploads\/2015\/09\/50011-300x182.jpg 300w\" sizes=\"auto, (max-width: 500px) 100vw, 500px\" \/><\/a><\/p>\n<blockquote>\n<p>Aufbrausend und dabei doch immer sein Ziel vor Augen \u2013 ein Mensch mit Ecken und Kanten. STEVE JOBS nimmt den Zuschauer mit ins Epizentrum der digitalen Revolution und beschreibt den Kampf, eine als unm\u00f6glich abgetane Vision Wirklichkeit werden zu lassen: ein Computer f\u00fcr jedermann.<\/p>\n<\/blockquote>\n<p>Den neuen Trailer f\u00fcr den am 12. November in den deutschen Kinos anlaufenden Film haben wir unten eingebettet. Zuletzt hatte Apple-Mitbegr\u00fcnder die Verfilmung mit Michael Fassbender in der Hauptrolle und Kate Winslet, Seth Rogen und Jeff Daniels in weiteren Rollen in h\u00f6chsten T\u00f6nen <a href=\"http:\/\/www.ifun.de\/kinofilm-steve-jobs-nach-premiere-dickes-lob-von-steve-wozniak-81340\/\">gelobt<\/a>.<\/p>\n<p><div class=\"responsive-video\"><iframe loading=\"lazy\" width=\"700\" height=\"394\" src=\"https:\/\/www.youtube-nocookie.com\/embed\/ExWCRzmLRgg?rel=0\" frameborder=\"0\" allowfullscreen><\/iframe><\/div><\/p>\n","protected":false},"excerpt":{"rendered":"<a href=\"https:\/\/www.ifun.de\/steve-jobs-praesentiert-den-imac-neuer-trailer-fuer-den-kommenden-kinofilm-81957\/\"><img width=\"150\" height=\"150\" src=\"https:\/\/images.ifun.de\/wp-content\/uploads\/2015\/09\/50011-150x150.jpg\" class=\"alignright tfe wp-post-image\" alt=\"\" decoding=\"async\" loading=\"lazy\" \/><\/a><p>Damit die Steve-Jobs-Dokumentation von Aaron Sorkin im Gespr\u00e4ch bleibt, wirft uns Produktionsfirma Universal regelm\u00e4\u00dfig kleine H\u00e4ppchen in Form von neuen Videotrailern zu. Diesmal d\u00fcrfen wir unter anderem sehen, wie der eben zu Apple zur\u00fcckgekehrte Jobs 1998 den ersten iMac enth\u00fcllt &#8211; einen Video-Mitschnitt der Originalszene findet ihr \u00fcbrigens hier. Aufbrausend und dabei doch immer sein [&hellip;]<\/p>\n","protected":false},"author":2,"featured_media":81959,"comment_status":"open","ping_status":"closed","sticky":false,"template":"","format":"standard","meta":{"_acf_changed":false,"footnotes":""},"categories":[20],"tags":[67,31],"class_list":["post-81957","post","type-post","status-publish","format-standard","has-post-thumbnail","hentry","category-videos","tag-steve-jobs","tag-video"],"acf":[],"aioseo_notices":[],"featured_image":["http:\/\/images.ifun.de\/wp-content\/uploads\/2015\/09\/header8.jpg"],"rest_api_enabler":{"featured_image":"http:\/\/images.ifun.de\/wp-content\/uploads\/2015\/09\/header8.jpg"},"_links":{"self":[{"href":"https:\/\/www.ifun.de\/apiv2\/wp\/v2\/posts\/81957","targetHints":{"allow":["GET"]}}],"collection":[{"href":"https:\/\/www.ifun.de\/apiv2\/wp\/v2\/posts"}],"about":[{"href":"https:\/\/www.ifun.de\/apiv2\/wp\/v2\/types\/post"}],"author":[{"embeddable":true,"href":"https:\/\/www.ifun.de\/apiv2\/wp\/v2\/users\/2"}],"replies":[{"embeddable":true,"href":"https:\/\/www.ifun.de\/apiv2\/wp\/v2\/comments?post=81957"}],"version-history":[{"count":1,"href":"https:\/\/www.ifun.de\/apiv2\/wp\/v2\/posts\/81957\/revisions"}],"predecessor-version":[{"id":81960,"href":"https:\/\/www.ifun.de\/apiv2\/wp\/v2\/posts\/81957\/revisions\/81960"}],"wp:featuredmedia":[{"embeddable":true,"href":"https:\/\/www.ifun.de\/apiv2\/wp\/v2\/media\/81959"}],"wp:attachment":[{"href":"https:\/\/www.ifun.de\/apiv2\/wp\/v2\/media?parent=81957"}],"wp:term":[{"taxonomy":"category","embeddable":true,"href":"https:\/\/www.ifun.de\/apiv2\/wp\/v2\/categories?post=81957"},{"taxonomy":"post_tag","embeddable":true,"href":"https:\/\/www.ifun.de\/apiv2\/wp\/v2\/tags?post=81957"}],"curies":[{"name":"wp","href":"https:\/\/api.w.org\/{rel}","templated":true}]}}