{"id":81818,"date":"2015-09-16T12:15:28","date_gmt":"2015-09-16T10:15:28","guid":{"rendered":"http:\/\/www.ifun.de\/?p=81818"},"modified":"2015-09-16T12:15:28","modified_gmt":"2015-09-16T10:15:28","slug":"facebook-will-alternative-zu-gefaellt-mir-bieten","status":"publish","type":"post","link":"https:\/\/www.ifun.de\/facebook-will-alternative-zu-gefaellt-mir-bieten-81818\/","title":{"rendered":"Facebook will Alternative zu &#8222;Gef\u00e4llt mir&#8220; bieten"},"content":{"rendered":"<p>Facebook plant eine Alternative zum \u201eGef\u00e4llt mir\u201c-Knopf. Man habe bereits entsprechende Ideen und wolle schon in K\u00fcrze eine Testversion ver\u00f6ffentlichen.<\/p>\n<p><a href=\"http:\/\/images.ifun.de\/wp-content\/uploads\/2015\/09\/zuckerberg-500.jpg\"><img loading=\"lazy\" decoding=\"async\" src=\"http:\/\/images.ifun.de\/wp-content\/uploads\/2015\/09\/zuckerberg-500.jpg\" alt=\"zuckerberg-500\" width=\"500\" height=\"333\" class=\"alignnone size-full wp-image-81820\" srcset=\"https:\/\/images.ifun.de\/wp-content\/uploads\/2015\/09\/zuckerberg-500.jpg 500w, https:\/\/images.ifun.de\/wp-content\/uploads\/2015\/09\/zuckerberg-500-300x200.jpg 300w\" sizes=\"auto, (max-width: 500px) 100vw, 500px\" \/><\/a><\/p>\n<p>Die Ank\u00fcndigung hat Facebook-Chef Mark Zuckerberg pers\u00f6nlich im Rahmen einer offenen Fragerunde gemacht. Zuckerberg schildert dabei durchaus nachvollziehbar, dass es mit einem einfachen \u201eGef\u00e4llt mir nicht\u201c-Knopf allerdings nicht getan ist. Facebook sei keine Voting-Plattform und es sei auch nicht das Ziel, dass Nutzer die spontanen \u00c4u\u00dferungen ihrer Freunde schlicht abwerten. Allerdings sei man sich bewusst, dass auf Facebook auch sehr emotionale Postings oder traurige Nachrichten ver\u00f6ffentlicht werden und man wolle eine M\u00f6glichkeit bieten, auf dergleichen angemessen zu reagieren.<\/p>\n<p><div class=\"responsive-video\"><iframe loading=\"lazy\" src=\"https:\/\/player.vimeo.com\/video\/139401042?title=0&#038;byline=0&#038;portrait=0\" width=\"700\" height=\"393\" frameborder=\"0\" webkitallowfullscreen mozallowfullscreen allowfullscreen><\/iframe><\/div><\/p>\n<p>Einen konkreten Zeitplan wollte Zuckerberg nicht nennen. Allerdings habe man bereits einen Plan, wie das ganze umzusetzen sei und wolle dies schnellstm\u00f6glich testen und dann entsprechend f\u00fcr alle Nutzer freigeben.<\/p>\n","protected":false},"excerpt":{"rendered":"<a href=\"https:\/\/www.ifun.de\/facebook-will-alternative-zu-gefaellt-mir-bieten-81818\/\"><img width=\"150\" height=\"150\" src=\"https:\/\/images.ifun.de\/wp-content\/uploads\/2015\/09\/zuckerberg-header-150x150.jpg\" class=\"alignright tfe wp-post-image\" alt=\"\" decoding=\"async\" loading=\"lazy\" \/><\/a><p>Facebook plant eine Alternative zum \u201eGef\u00e4llt mir\u201c-Knopf. Man habe bereits entsprechende Ideen und wolle schon in K\u00fcrze eine Testversion ver\u00f6ffentlichen. Die Ank\u00fcndigung hat Facebook-Chef Mark Zuckerberg pers\u00f6nlich im Rahmen einer offenen Fragerunde gemacht. Zuckerberg schildert dabei durchaus nachvollziehbar, dass es mit einem einfachen \u201eGef\u00e4llt mir nicht\u201c-Knopf allerdings nicht getan ist. Facebook sei keine Voting-Plattform und [&hellip;]<\/p>\n","protected":false},"author":2,"featured_media":81821,"comment_status":"open","ping_status":"closed","sticky":false,"template":"","format":"standard","meta":{"_acf_changed":false,"footnotes":""},"categories":[1],"tags":[234],"class_list":["post-81818","post","type-post","status-publish","format-standard","has-post-thumbnail","hentry","category-news","tag-facebook"],"acf":[],"aioseo_notices":[],"featured_image":["http:\/\/images.ifun.de\/wp-content\/uploads\/2015\/09\/facebook-header.jpg","http:\/\/images.ifun.de\/wp-content\/uploads\/2015\/09\/facebook-header.jpg"],"rest_api_enabler":{"featured_image":["http:\/\/images.ifun.de\/wp-content\/uploads\/2015\/09\/facebook-header.jpg","http:\/\/images.ifun.de\/wp-content\/uploads\/2015\/09\/facebook-header.jpg"]},"_links":{"self":[{"href":"https:\/\/www.ifun.de\/apiv2\/wp\/v2\/posts\/81818","targetHints":{"allow":["GET"]}}],"collection":[{"href":"https:\/\/www.ifun.de\/apiv2\/wp\/v2\/posts"}],"about":[{"href":"https:\/\/www.ifun.de\/apiv2\/wp\/v2\/types\/post"}],"author":[{"embeddable":true,"href":"https:\/\/www.ifun.de\/apiv2\/wp\/v2\/users\/2"}],"replies":[{"embeddable":true,"href":"https:\/\/www.ifun.de\/apiv2\/wp\/v2\/comments?post=81818"}],"version-history":[{"count":2,"href":"https:\/\/www.ifun.de\/apiv2\/wp\/v2\/posts\/81818\/revisions"}],"predecessor-version":[{"id":81823,"href":"https:\/\/www.ifun.de\/apiv2\/wp\/v2\/posts\/81818\/revisions\/81823"}],"wp:featuredmedia":[{"embeddable":true,"href":"https:\/\/www.ifun.de\/apiv2\/wp\/v2\/media\/81821"}],"wp:attachment":[{"href":"https:\/\/www.ifun.de\/apiv2\/wp\/v2\/media?parent=81818"}],"wp:term":[{"taxonomy":"category","embeddable":true,"href":"https:\/\/www.ifun.de\/apiv2\/wp\/v2\/categories?post=81818"},{"taxonomy":"post_tag","embeddable":true,"href":"https:\/\/www.ifun.de\/apiv2\/wp\/v2\/tags?post=81818"}],"curies":[{"name":"wp","href":"https:\/\/api.w.org\/{rel}","templated":true}]}}