{"id":81777,"date":"2015-09-15T18:59:39","date_gmt":"2015-09-15T16:59:39","guid":{"rendered":"http:\/\/www.ifun.de\/?p=81777"},"modified":"2015-09-15T19:00:33","modified_gmt":"2015-09-15T17:00:33","slug":"ipad-mini-4-prozessor-hochgetaktet-und-2-gb-ram","status":"publish","type":"post","link":"https:\/\/www.ifun.de\/ipad-mini-4-prozessor-hochgetaktet-und-2-gb-ram-81777\/","title":{"rendered":"iPad mini 4 schneller als erwartet: Prozessor hochgetaktet und 2 GB RAM"},"content":{"rendered":"<p>Das letzte Woche vorgestellte <a href=\"http:\/\/www.ifun.de\/ipad-mini-4-schneller-duenner-und-bessere-kamera-fuers-gleiche-geld-81571\/\">iPad mini 4<\/a> birgt noch eine kleine \u00dcberraschung mit. Der darin verbaute A8-Prozessor scheint mit 1,5 GHz etwas h\u00f6her getaktet als \u00fcblich, zudem ist das Tablet mit 2 GB Arbeitsspeicher ausgestattet.<\/p>\n<p><a href=\"http:\/\/images.ifun.de\/wp-content\/uploads\/2015\/09\/a8-500.jpg\"><img loading=\"lazy\" decoding=\"async\" src=\"http:\/\/images.ifun.de\/wp-content\/uploads\/2015\/09\/a8-500.jpg\" alt=\"a8-500\" width=\"500\" height=\"167\" class=\"alignnone size-full wp-image-81781\" srcset=\"https:\/\/images.ifun.de\/wp-content\/uploads\/2015\/09\/a8-500.jpg 500w, https:\/\/images.ifun.de\/wp-content\/uploads\/2015\/09\/a8-500-300x100.jpg 300w\" sizes=\"auto, (max-width: 500px) 100vw, 500px\" \/><\/a><\/p>\n<p>Die unverhoffte zus\u00e4tzliche Leistungssteigerung konnte die amerikanische Webseite <a href=\"http:\/\/arstechnica.com\/apple\/2015\/09\/ipad-mini-4-performance-preview-a-1-5ghz-apple-a8-with-2gb-of-ram\/\">Arstechnica<\/a> bei einem ersten Test des neuen iPad mini ausmachen. Die Ergebnisse wurden mithilfe des Benchmark-Tools Geekbench ermittelt.<\/p>\n<p>Mit dem Tandem aus A8-Prozessor und M8-Motion-Coprozessor ist das iPad mini 4 ja von Haus aus bereits deutlich leistungsf\u00e4higer als sein Vorg\u00e4nger. Bislang wurde aber angenommen, dass der A8-Prozessor mit den selben 1,4 GHz getaktet ist, wie die noch aktuellen iPhone-6-Modelle. Den schnelleren A8X-Prozessor verbaut Apple bislang nur im iPad Air 2, das kommende iPad Pro wird mit einem A9X-Prozessor ausgestattet sein.<\/p>\n<p>Auch der verglichen mit der Vorg\u00e4ngergeneration gr\u00f6\u00dfere Arbeitsspeicher lie\u00df sich bislang nur vermuten. Mit den 2 GB liegt das iPad mini 4 auf einer Linie mit mit dem iPad Air 2 und den neuen iPhone-6s-Modellen. Das iPad Pro dagegen wird <a href=\"http:\/\/www.iphone-ticker.de\/apple-verdoppelt-arbeitsspeicher-beim-iphone-6s-und-6s-plus-ipad-pro-mit-4gb-86551\/\">voraussichtlich<\/a> mit 4 GB RAM ausgestattet sein.<\/p>\n<p><h5>Multitasking unter iOS 9<\/h5>\n<p>Mit dem <a href=\"http:\/\/www.iphone-ticker.de\/ios-9-kommt-morgen-zeit-fuer-ein-lokales-backup-86637\/\" title=\"iOS 9 kommt morgen: Zeit f\u00fcr ein lokales Backup\">ab morgen verf\u00fcgbarem iOS 9<\/a> wird das iPad mini 4 auch vollumf\u00e4nglich <a href=\"http:\/\/www.ifun.de\/slide-over-und-split-view-die-ipad-multitasking-features-von-ios-9-im-video-77852\/\">Apples neue Multitasking-Funktionen<\/a> unterst\u00fctzen. Bislang wurde nur das iPad Air 2 als mit \u201eSplit Screen Multitasking\u201c, von Apple auch \u201eSplit View\u201c genannt, kompatibel gelistet.<\/p>\n","protected":false},"excerpt":{"rendered":"<a href=\"https:\/\/www.ifun.de\/ipad-mini-4-prozessor-hochgetaktet-und-2-gb-ram-81777\/\"><img width=\"134\" height=\"134\" src=\"https:\/\/images.ifun.de\/wp-content\/uploads\/2015\/09\/a8-icon.jpg\" class=\"alignright tfe wp-post-image\" alt=\"\" decoding=\"async\" loading=\"lazy\" \/><\/a><p>Das letzte Woche vorgestellte iPad mini 4 birgt noch eine kleine \u00dcberraschung mit. Der darin verbaute A8-Prozessor scheint mit 1,5 GHz etwas h\u00f6her getaktet als \u00fcblich, zudem ist das Tablet mit 2 GB Arbeitsspeicher ausgestattet. Die unverhoffte zus\u00e4tzliche Leistungssteigerung konnte die amerikanische Webseite Arstechnica bei einem ersten Test des neuen iPad mini ausmachen. Die Ergebnisse [&hellip;]<\/p>\n","protected":false},"author":2,"featured_media":81780,"comment_status":"open","ping_status":"closed","sticky":false,"template":"","format":"standard","meta":{"_acf_changed":false,"footnotes":""},"categories":[10],"tags":[4740,1335,2827],"class_list":["post-81777","post","type-post","status-publish","format-standard","has-post-thumbnail","hentry","category-ipad","tag-ipad","tag-ipad-mini","tag-ipad-mini-4"],"acf":[],"aioseo_notices":[],"featured_image":["http:\/\/images.ifun.de\/wp-content\/uploads\/2015\/09\/ipad-mini-header.jpg"],"rest_api_enabler":{"featured_image":"http:\/\/images.ifun.de\/wp-content\/uploads\/2015\/09\/ipad-mini-header.jpg"},"_links":{"self":[{"href":"https:\/\/www.ifun.de\/apiv2\/wp\/v2\/posts\/81777","targetHints":{"allow":["GET"]}}],"collection":[{"href":"https:\/\/www.ifun.de\/apiv2\/wp\/v2\/posts"}],"about":[{"href":"https:\/\/www.ifun.de\/apiv2\/wp\/v2\/types\/post"}],"author":[{"embeddable":true,"href":"https:\/\/www.ifun.de\/apiv2\/wp\/v2\/users\/2"}],"replies":[{"embeddable":true,"href":"https:\/\/www.ifun.de\/apiv2\/wp\/v2\/comments?post=81777"}],"version-history":[{"count":5,"href":"https:\/\/www.ifun.de\/apiv2\/wp\/v2\/posts\/81777\/revisions"}],"predecessor-version":[{"id":81784,"href":"https:\/\/www.ifun.de\/apiv2\/wp\/v2\/posts\/81777\/revisions\/81784"}],"wp:featuredmedia":[{"embeddable":true,"href":"https:\/\/www.ifun.de\/apiv2\/wp\/v2\/media\/81780"}],"wp:attachment":[{"href":"https:\/\/www.ifun.de\/apiv2\/wp\/v2\/media?parent=81777"}],"wp:term":[{"taxonomy":"category","embeddable":true,"href":"https:\/\/www.ifun.de\/apiv2\/wp\/v2\/categories?post=81777"},{"taxonomy":"post_tag","embeddable":true,"href":"https:\/\/www.ifun.de\/apiv2\/wp\/v2\/tags?post=81777"}],"curies":[{"name":"wp","href":"https:\/\/api.w.org\/{rel}","templated":true}]}}