{"id":81682,"date":"2015-09-12T10:14:58","date_gmt":"2015-09-12T08:14:58","guid":{"rendered":"http:\/\/www.ifun.de\/?p=81682"},"modified":"2015-09-15T16:19:21","modified_gmt":"2015-09-15T14:19:21","slug":"handfestes-zum-neuen-apple-tv-schwammiges-zum-neuen-fire-tv","status":"publish","type":"post","link":"https:\/\/www.ifun.de\/handfestes-zum-neuen-apple-tv-schwammiges-zum-neuen-fire-tv-81682\/","title":{"rendered":"Handfestes zum neuen Apple TV, Schwammiges zum neuen Fire TV"},"content":{"rendered":"<h2>Universelle Suche und Verpackungsinhalt<\/h2>\n<p>Gestern mussten wir \u00fcber die Funktionsweise der universelle Siri-Suche auf dem neuen Apple TV noch <a href=\"http:\/\/www.ifun.de\/?p=81655\">spekulieren<\/a>, jetzt <a href=\"https:\/\/twitter.com\/jandawson\/status\/642364885544927232\">kl\u00e4rt<\/a> Jan Dawson eine der noch offenen Fragen. <\/p>\n<p><a href=\"http:\/\/images.ifun.de\/wp-content\/uploads\/2015\/09\/suche.gif\"><img loading=\"lazy\" decoding=\"async\" src=\"http:\/\/images.ifun.de\/wp-content\/uploads\/2015\/09\/suche.gif\" alt=\"suche\" width=\"500\" height=\"332\" class=\"aligncenter size-full wp-image-81683\" \/><\/a><\/p>\n<p>Die gleichzeitige Siri-Suche in den Katalogen der gro\u00dfen Inhalte-Anbieter wird von Apple kontrolliert und steht interessierten Drittanbietern vorerst nicht zur Verf\u00fcgung. Anders formuliert: Die Amazon- und Plex-Verantwortlichen k\u00f6nnen bei Cupertino anklopfen und um eine Integration bitten, sind aber auf Apples Einverst\u00e4ndnis angewiesen um ihre Inhalte mit Sprachbefehlen wie &#8222;Zeige mir alle Filme mit Tilda Swinton&#8220; filtern und anzeigen zu lassen. <\/p>\n<p>Apropos Einverst\u00e4ndnis: Wir gehen davon aus, dass Andru Edwards nicht gefragt hat, ob Cupertino mit seinem Unboxing-Video d&#8217;accord geht. Auf gut vier Minuten wirft der Youtuber einen ersten Blick auf den Verpackungsinhalt der Settop-Box und die neue Apple TV-Fernbedienung. <\/p>\n<p><div class=\"responsive-video\"><iframe loading=\"lazy\" width=\"700\" height=\"371\" src=\"http:\/\/www.youtube-nocookie.com\/embed\/lefJPSxs8Ls\" frameborder=\"0\" allowfullscreen><\/iframe><\/div><\/p>\n<h2>Aus Perspektive der Entwickler<\/h2>\n<p>Interessierte tvOS-Entwickler sollten sich Chris Wagners &#8222;<a href=\"http:\/\/www.raywenderlich.com\/114313\/tvos-initial-impressions\">Initial Impressions<\/a>&#8220; der Software-Entwicklungsumgebung durchlesen. Wagner hat sich mit Apples Beispiel-Anwendung, der <a href=\"https:\/\/developer.apple.com\/library\/prerelease\/tvos\/samplecode\/TVMLCatalog\/Introduction\/Intro.html#\/\/apple_ref\/doc\/uid\/TP40016505\">TVML Catalog sample app<\/a>, den eingesetzten Protokollen und dem Aufbau der TVML Apps besch\u00e4ftigt und zerlegt die Struktur der neuen Apple TV Men\u00fc-Struktur kurz in ihre Bestandteile. <\/p>\n<blockquote><p>If you\u2019re a native iOS developer the thought of these might make you wince a little bit. But keep an open mind, there is some great power to all of this. [&#8230;] I believe that this platform can truly reinvent the way we use our TVs. Aside from the obvious gaming and content viewing use-cases, there are many areas for developers to innovate.<\/p><\/blockquote>\n<p>Das eingebettete Video zeigt die Nutzung der virtuellen Apple-Remote zur Spiele-Entwicklung &#8211; Apples Entwickler-Dokumentation kann <a href=\"https:\/\/developer.apple.com\/tvos\/documentation\/\">hier eingesehen<\/a> werden. <\/p>\n<p><div class=\"responsive-video\"><iframe loading=\"lazy\" width=\"700\" height=\"371\" src=\"http:\/\/www.youtube-nocookie.com\/embed\/o-vlfrgd5Fs\" frameborder=\"0\" allowfullscreen><\/iframe><\/div><\/p>\n<h2 id=\"toslink\">Kein Toslink-Anschluss mehr<\/h2>\n<p>W\u00e4hrend die letzte Apple TV-Generation noch mit einem optischen Audio-Anschluss ausgestattet war, verzichtet das neue Apple TV auf den <a href=\"http:\/\/www.mcelhearn.com\/why-you-dont-want-the-new-apple-tv-if-you-just-want-to-stream-audio\/\">Toslink-Port<\/a>. <\/p>\n<blockquote><p>The only option you have is HDMI; this is fine to connect to a TV or AV amplifier, but if you want to connect an Apple TV to a DAC, and then to an amp, you\u2019re out of luck. Of course, one option is to use both: an Apple TV 3 for music only, and the new Apple TV for videos, games, apps, etc.<\/p><\/blockquote>\n<h2>4K Fire Tv von Amazon im Anmarsch<\/h2>\n<p>W\u00e4hrend wir derzeit also noch immer auf die Bekanntgabe der deutschen Verkaufspreise des neuen Apple TV warten, scheint sich Amazon auf die Vorstellung der n\u00e4chsten <a rel=\"noindex, nofollow\" href=\"http:\/\/www.ifun.de\/amzn\/B00KQEIMY6\">Fire TV<\/a>-Generation vorzubereiten &#8211; ihr erinnert euch, das aktuelle Modell ist schon seit einigen Wochen <a href=\"http:\/\/www.ifun.de\/fire-tv-nicht-lieferbar-bringt-auch-amazon-eine-neue-set-top-box-81112\/\">nicht mehr lieferbar<\/a>. <\/p>\n<p>Und: Beim <a rel=\"noindex, nofollow\" href=\"http:\/\/www.ifun.de\/amzn\/B00KQEIMY6\">neuen Fire TV<\/a> &#8211; dieser k\u00f6nnte uns noch im laufenden Monat erreichen &#8211; d\u00fcrfte es sich erstmals um einen 4K-kompatiblen Receiver handeln. Darauf deutet eine Ver\u00f6ffentlichung der amerikanischen Zulassungsbeh\u00f6rde FCC hin, die Dave Zatz <a href=\"http:\/\/zatznotfunny.com\/2015-09\/amazon-fire-tv-4k-en-route\/\">ausgegraben hat<\/a>. <\/p>\n<p><a href=\"http:\/\/images.ifun.de\/wp-content\/uploads\/2015\/09\/fcc.jpg\"><img loading=\"lazy\" decoding=\"async\" src=\"http:\/\/images.ifun.de\/wp-content\/uploads\/2015\/09\/fcc.jpg\" alt=\"fcc\" width=\"700\" height=\"371\" class=\"aligncenter size-full wp-image-81684\" srcset=\"https:\/\/images.ifun.de\/wp-content\/uploads\/2015\/09\/fcc.jpg 700w, https:\/\/images.ifun.de\/wp-content\/uploads\/2015\/09\/fcc-300x159.jpg 300w\" sizes=\"auto, (max-width: 700px) 100vw, 700px\" \/><\/a><\/p>\n","protected":false},"excerpt":{"rendered":"<a href=\"https:\/\/www.ifun.de\/handfestes-zum-neuen-apple-tv-schwammiges-zum-neuen-fire-tv-81682\/\"><img width=\"150\" height=\"150\" src=\"https:\/\/images.ifun.de\/wp-content\/uploads\/2015\/09\/tv1-150x150.jpg\" class=\"alignright tfe wp-post-image\" alt=\"\" decoding=\"async\" loading=\"lazy\" \/><\/a><p>Universelle Suche und Verpackungsinhalt Gestern mussten wir \u00fcber die Funktionsweise der universelle Siri-Suche auf dem neuen Apple TV noch spekulieren, jetzt kl\u00e4rt Jan Dawson eine der noch offenen Fragen. Die gleichzeitige Siri-Suche in den Katalogen der gro\u00dfen Inhalte-Anbieter wird von Apple kontrolliert und steht interessierten Drittanbietern vorerst nicht zur Verf\u00fcgung. Anders formuliert: Die Amazon- und [&hellip;]<\/p>\n","protected":false},"author":1,"featured_media":81685,"comment_status":"open","ping_status":"closed","sticky":false,"template":"","format":"standard","meta":{"_acf_changed":false,"footnotes":""},"categories":[4,1783],"tags":[26],"class_list":["post-81682","post","type-post","status-publish","format-standard","has-post-thumbnail","hentry","category-appletv","category-feature","tag-apple-tv"],"acf":[],"aioseo_notices":[],"featured_image":["http:\/\/images.ifun.de\/wp-content\/uploads\/2015\/09\/tv1.jpg"],"rest_api_enabler":{"featured_image":"http:\/\/images.ifun.de\/wp-content\/uploads\/2015\/09\/tv1.jpg"},"_links":{"self":[{"href":"https:\/\/www.ifun.de\/apiv2\/wp\/v2\/posts\/81682","targetHints":{"allow":["GET"]}}],"collection":[{"href":"https:\/\/www.ifun.de\/apiv2\/wp\/v2\/posts"}],"about":[{"href":"https:\/\/www.ifun.de\/apiv2\/wp\/v2\/types\/post"}],"author":[{"embeddable":true,"href":"https:\/\/www.ifun.de\/apiv2\/wp\/v2\/users\/1"}],"replies":[{"embeddable":true,"href":"https:\/\/www.ifun.de\/apiv2\/wp\/v2\/comments?post=81682"}],"version-history":[{"count":4,"href":"https:\/\/www.ifun.de\/apiv2\/wp\/v2\/posts\/81682\/revisions"}],"predecessor-version":[{"id":81769,"href":"https:\/\/www.ifun.de\/apiv2\/wp\/v2\/posts\/81682\/revisions\/81769"}],"wp:featuredmedia":[{"embeddable":true,"href":"https:\/\/www.ifun.de\/apiv2\/wp\/v2\/media\/81685"}],"wp:attachment":[{"href":"https:\/\/www.ifun.de\/apiv2\/wp\/v2\/media?parent=81682"}],"wp:term":[{"taxonomy":"category","embeddable":true,"href":"https:\/\/www.ifun.de\/apiv2\/wp\/v2\/categories?post=81682"},{"taxonomy":"post_tag","embeddable":true,"href":"https:\/\/www.ifun.de\/apiv2\/wp\/v2\/tags?post=81682"}],"curies":[{"name":"wp","href":"https:\/\/api.w.org\/{rel}","templated":true}]}}