{"id":81497,"date":"2015-09-09T16:26:54","date_gmt":"2015-09-09T14:26:54","guid":{"rendered":"http:\/\/www.ifun.de\/?p=81497"},"modified":"2015-09-09T16:29:18","modified_gmt":"2015-09-09T14:29:18","slug":"ein-2-stunden-menue-in-5-gaengen-das-erwartet-uns-beim-heutigen-apple-event","status":"publish","type":"post","link":"https:\/\/www.ifun.de\/ein-2-stunden-menue-in-5-gaengen-das-erwartet-uns-beim-heutigen-apple-event-81497\/","title":{"rendered":"Ein 2-Stunden-Men\u00fc in 5 G\u00e4ngen: Das erwartet uns beim heutigen Apple-Event"},"content":{"rendered":"<p>Knapp drei Stunden vor dem Start von Apples diesj\u00e4hrigem September-Event fassen wir die Erwartungen f\u00fcr den heutigen Abend noch einmal zusammen. Mit Blick auf die F\u00fclle der Themen, d\u00fcrfte sich Tim Cooks Abendprogramm wieder auf <a href=\"http:\/\/www.iphone-ticker.de\/auf-hektische-120-minuten-apple-verzichtet-wohl-auf-oktober-event-86321\/\">gut zwei Stunden<\/a> erstrecken.<\/p>\n<p><a href=\"http:\/\/images.ifun.de\/wp-content\/uploads\/2015\/06\/tim-cook-stage-500.jpg\"><img loading=\"lazy\" decoding=\"async\" src=\"http:\/\/images.ifun.de\/wp-content\/uploads\/2015\/06\/tim-cook-stage-500.jpg\" alt=\"tim-cook-stage-500\" width=\"500\" height=\"281\" class=\"alignnone size-full wp-image-77763\" srcset=\"https:\/\/images.ifun.de\/wp-content\/uploads\/2015\/06\/tim-cook-stage-500.jpg 500w, https:\/\/images.ifun.de\/wp-content\/uploads\/2015\/06\/tim-cook-stage-500-300x169.jpg 300w\" sizes=\"auto, (max-width: 500px) 100vw, 500px\" \/><\/a><\/p>\n<h2>Neue iPhones<\/h2>\n<p>Die Vorstellung neuer iPhone-Modelle gilt ja rein traditionell schon als gesetzt &#8211; der Monat September bringt das so mit sich. In diesem Jahr erwarten wir ein iPhone 6s und ein iPhone 6s Plus mit m\u00f6glicherweise einer <a href=\"http:\/\/mp.weixin.qq.com\/s?__biz=MjM5OTMzMjkwMA==&amp;mid=210663861&amp;idx=2&amp;sn=351e149d6c77b780359fdaa00a4dd000&amp;scene=2&amp;srcid=0909LFMsPLnSB1FRbdm6fxqs&amp;from=timeline&amp;isappinstalled=0#rd\">zus\u00e4tzlichen Geh\u00e4usefarbe<\/a> und wohl auch erstmal 2 GB Arbeitsspeicher. Der Touchscreen der neuen iPhones soll \u00e4hnlich wie wir es von der Apple Watch oder aktuellen Apple-Notebooks her kennen die Eingabe per <a href=\"http:\/\/www.iphone-ticker.de\/3d-touch-iphone-6s-soll-drei-verschiedene-beruehrungsarten-erkennen-86183\/\" title=\"\u201e3D Touch\u201c: iPhone 6s soll drei verschiedene Ber\u00fchrungsarten erkennen\">Force Touch<\/a> erm\u00f6glichen.<\/p>\n<p><a href=\"http:\/\/images.ifun.de\/wp-content\/uploads\/2015\/09\/iphone-6s.jpg\"><img loading=\"lazy\" decoding=\"async\" src=\"http:\/\/images.ifun.de\/wp-content\/uploads\/2015\/09\/iphone-6s.jpg\" alt=\"iphone-6s\" width=\"533\" height=\"268\" class=\"alignnone size-full wp-image-81502\" srcset=\"https:\/\/images.ifun.de\/wp-content\/uploads\/2015\/09\/iphone-6s.jpg 533w, https:\/\/images.ifun.de\/wp-content\/uploads\/2015\/09\/iphone-6s-300x151.jpg 300w\" sizes=\"auto, (max-width: 533px) 100vw, 533px\" \/><\/a><\/p>\n<p>Kommt auch ein neues \u201ePlastik-iPhone\u201c als 5c-Nachfolger? Schlecht w\u00e4re das nicht, das Ger\u00e4t ist weiterhin beliebt aber 8 GB Speicherplatz sind alles andere als zeitgem\u00e4\u00df.<\/p>\n<h2>Update f\u00fcr die Apple Watch<\/h2>\n<p>watchOS 2.0: Die Apple Watch steht vor ihrem ersten gro\u00dfen Software-Update. In Verbindung dazu ist die Rede von einer neuen Geh\u00e4usefarbe sowie etlichen neuen Armb\u00e4ndern, die teils in Verbindung mit namhaften Designer gestaltet wurden. Einen kleinen Vorgeschmack sehen wir bereits mit dem <a href=\"https:\/\/twitter.com\/lgreenberg\/status\/641557438123089921\">\u201eProduct Red\u201c-Sportarmband<\/a> auf Twitter.<\/p>\n<p><img loading=\"lazy\" decoding=\"async\" src=\"http:\/\/www.iphone-ticker.de\/wp-content\/uploads\/2015\/06\/apple-watch-header.jpg\" width=\"640\" height=\"252\" class=\"alignnone\" \/><\/p>\n<h2>iOS 9 und OS X El Capitan<\/h2>\n<p>Apropos Software: Wenn nicht gleich freigeben, wird Apple uns heute zumindest sagen, wann iOS 9 f\u00fcr alle Anwender freigegeben wird. Vielleicht verliert Tim Cook in diesem Zusammenhang ja auch mal wieder ein W\u00f6rtchen \u00fcber das <a href=\"http:\/\/www.ifun.de\/erste-produkte-verfuegbar-aber-homekit-kann-noch-nicht-ueberzeugen-80242\/\" title=\"Erste Produkte verf\u00fcgbar aber HomeKit kann noch nicht \u00fcberzeugen\">Stiefkind HomeKit<\/a>?<\/p>\n<p>Ebenso warten die Mac-Nutzer auf weitere Informationen betreffend der Freigabe von OS X El Capitan. Wenn wir davon ausgehen, dass Apple in diesem Jahr tats\u00e4chlich <a href=\"http:\/\/www.iphone-ticker.de\/auf-hektische-120-minuten-apple-verzichtet-wohl-auf-oktober-event-86321\/\" title=\"Auf hektische 120+ Minuten: Apple verzichtet wohl auf Oktober-Event\">kein zweites Herbst-Event<\/a> nachschiebt, sollten f\u00fcr die n\u00e4chste OS-X-Version ebenfalls ein paar Minuten des heutigen Abends abspringen.<\/p>\n<h2>iPad mini 4 und iPad Pro<\/h2>\n<p>In Sachen iPad soll eine vierte, schnellere und d\u00fcnnere Generation des iPad mini auf dem Plan stehen und nahezu einvernehmlich sagt die Ger\u00fcchtek\u00fcche auch die Pr\u00e4sentation eines \u201e<a href=\"http:\/\/www.ifun.de\/ipad-pro-angeblich-ab-64-gb-apple-soll-auch-stylus-und-keyboard-case-anbieten-81406\/\" title=\"\u201eiPad Pro\u201c angeblich ab 64 GB \u2013 Apple soll auch Stylus und Keyboard-Case anbieten\">iPad Pro<\/a>\u201c mit 12,9\u201c-Bildschirm voraus.<\/p>\n<p><a href=\"http:\/\/images.ifun.de\/wp-content\/uploads\/2015\/04\/ipad-pro-case-702.jpg\"><img loading=\"lazy\" decoding=\"async\" src=\"http:\/\/images.ifun.de\/wp-content\/uploads\/2015\/04\/ipad-pro-case-702.jpg\" alt=\"ipad-pro-case-702\" width=\"700\" height=\"371\" class=\"alignnone size-full wp-image-75882\" srcset=\"https:\/\/images.ifun.de\/wp-content\/uploads\/2015\/04\/ipad-pro-case-702.jpg 700w, https:\/\/images.ifun.de\/wp-content\/uploads\/2015\/04\/ipad-pro-case-702-300x159.jpg 300w\" sizes=\"auto, (max-width: 700px) 100vw, 700px\" \/><\/a><\/p>\n<p>Mit dem iPad Air m\u00fcssen wir uns wohl in der aktuellen Form zufrieden geben, hier deutet derzeit nichts auf die Vorstellung einer dritten Generation.<\/p>\n<h2>Apple TV 4<\/h2>\n<p>So richtig spannend wird es in Sachen <a href=\"http:\/\/www.ifun.de\/apple-event-am-mittwoch-apple-tv-birgt-das-groesste-ueberraschungspotenzial-81344\/\">Apple TV<\/a>: Hier bekommen wir dem Vernehmen nach eine neue Version mit Einstiegspreis 149 Euro pr\u00e4sentiert. Wir sind gespannt, was Apple uns bietet, um diesen Preis zu rechtfertigen. In jedem Fall wird erwartet, dass sich auf Apple TV k\u00fcnftig auch Apps und Spiele aus dem App Store nutzen lassen. Das neue Betriebssystem f\u00fcr die Box soll auf iOS 9 basieren und in Anlehnung an das Apple-Watch-System watchOS fortan tvOS hei\u00dfen.<img loading=\"lazy\" decoding=\"async\" src=\"http:\/\/vg02.met.vgwort.de\/na\/74ce397061d745998d1bb571cf440344\" width=\"1\" height=\"1\" class=\"tracking\"><\/p>\n","protected":false},"excerpt":{"rendered":"<a href=\"https:\/\/www.ifun.de\/ein-2-stunden-menue-in-5-gaengen-das-erwartet-uns-beim-heutigen-apple-event-81497\/\"><img width=\"150\" height=\"150\" src=\"https:\/\/images.ifun.de\/wp-content\/uploads\/2015\/06\/tim-cook-stage-500-150x150.jpg\" class=\"alignright tfe wp-post-image\" alt=\"\" decoding=\"async\" loading=\"lazy\" \/><\/a><p>Knapp drei Stunden vor dem Start von Apples diesj\u00e4hrigem September-Event fassen wir die Erwartungen f\u00fcr den heutigen Abend noch einmal zusammen. Mit Blick auf die F\u00fclle der Themen, d\u00fcrfte sich Tim Cooks Abendprogramm wieder auf gut zwei Stunden erstrecken. Neue iPhones Die Vorstellung neuer iPhone-Modelle gilt ja rein traditionell schon als gesetzt &#8211; der Monat [&hellip;]<\/p>\n","protected":false},"author":2,"featured_media":77763,"comment_status":"open","ping_status":"closed","sticky":false,"template":"","format":"standard","meta":{"_acf_changed":false,"footnotes":""},"categories":[3],"tags":[],"class_list":["post-81497","post","type-post","status-publish","format-standard","has-post-thumbnail","hentry","category-apple"],"acf":[],"aioseo_notices":[],"featured_image":["http:\/\/www.iphone-ticker.de\/wp-content\/uploads\/2015\/06\/apple-music-feature.jpg"],"rest_api_enabler":{"featured_image":"http:\/\/www.iphone-ticker.de\/wp-content\/uploads\/2015\/06\/apple-music-feature.jpg"},"_links":{"self":[{"href":"https:\/\/www.ifun.de\/apiv2\/wp\/v2\/posts\/81497","targetHints":{"allow":["GET"]}}],"collection":[{"href":"https:\/\/www.ifun.de\/apiv2\/wp\/v2\/posts"}],"about":[{"href":"https:\/\/www.ifun.de\/apiv2\/wp\/v2\/types\/post"}],"author":[{"embeddable":true,"href":"https:\/\/www.ifun.de\/apiv2\/wp\/v2\/users\/2"}],"replies":[{"embeddable":true,"href":"https:\/\/www.ifun.de\/apiv2\/wp\/v2\/comments?post=81497"}],"version-history":[{"count":8,"href":"https:\/\/www.ifun.de\/apiv2\/wp\/v2\/posts\/81497\/revisions"}],"predecessor-version":[{"id":81506,"href":"https:\/\/www.ifun.de\/apiv2\/wp\/v2\/posts\/81497\/revisions\/81506"}],"wp:featuredmedia":[{"embeddable":true,"href":"https:\/\/www.ifun.de\/apiv2\/wp\/v2\/media\/77763"}],"wp:attachment":[{"href":"https:\/\/www.ifun.de\/apiv2\/wp\/v2\/media?parent=81497"}],"wp:term":[{"taxonomy":"category","embeddable":true,"href":"https:\/\/www.ifun.de\/apiv2\/wp\/v2\/categories?post=81497"},{"taxonomy":"post_tag","embeddable":true,"href":"https:\/\/www.ifun.de\/apiv2\/wp\/v2\/tags?post=81497"}],"curies":[{"name":"wp","href":"https:\/\/api.w.org\/{rel}","templated":true}]}}