{"id":80980,"date":"2015-08-27T13:21:21","date_gmt":"2015-08-27T11:21:21","guid":{"rendered":"http:\/\/www.ifun.de\/?p=80980"},"modified":"2015-12-18T09:39:56","modified_gmt":"2015-12-18T08:39:56","slug":"evernote-stampft-rezept-app-evernote-food-ein","status":"publish","type":"post","link":"https:\/\/www.ifun.de\/evernote-stampft-rezept-app-evernote-food-ein-80980\/","title":{"rendered":"Evernote stampft Rezept-App &#8222;Evernote Food&#8220; ein"},"content":{"rendered":"<p>Zwei Jahr nach dem Deb\u00fct der Rezept-Applikation <a href=\"http:\/\/www.ifun.de\/evernote-food-2-1-ermoglicht-rezepte-abgleich-mit-dem-hauptkonto-und-bringt-weitere-verbesserungen-36915\/\">Evernote Food<\/a> hat Evernote heute das Aus der Anwendung verk\u00fcndet. <\/p>\n<p><a href=\"http:\/\/images.ifun.de\/wp-content\/uploads\/2015\/08\/evernotefood.jpg\"><img loading=\"lazy\" decoding=\"async\" src=\"http:\/\/images.ifun.de\/wp-content\/uploads\/2015\/08\/evernotefood.jpg\" alt=\"evernotefood\" width=\"500\" height=\"332\" class=\"aligncenter size-full wp-image-80981\" \/><\/a><\/p>\n<p>Im Hausblog des Unternehmens meldet sich Ronda Scott <a href=\"https:\/\/blog.evernote.com\/blog\/2015\/08\/26\/evernote-to-end-support-for-evernote-food-apps\/\">zu Wort<\/a> und erkl\u00e4rt die Hintergr\u00fcnde: Man wolle sich zuk\u00fcnftig st\u00e4rker um das Kernprodukt k\u00fcmmern und habe die verf\u00fcgbaren Talente daher vom Food-Projekt angezogen. <\/p>\n<p>Neben dem &#8222;Eigenen Kochbuch&#8220; bot die App die M\u00f6glichkeit, auf vielerlei ansprechend pr\u00e4sentierte Rezepte aus unterschiedlichen Internetquellen zuzugreifen. Zudem waren Restaurantf\u00fchrer integriert, im Bereich &#8222;Meine Essen&#8220; konnte ein Notizbuch \u00fcber die eigenen kulinarischen Erlebnisse gef\u00fchrt werden. <\/p>\n<p>Nun hat Evernote den Support f\u00fcr &#8222;Evernote Food&#8220; komplett eingestellt und wird die Anwendung bis zum 30. September aus allen L\u00e4nder-Filialen des App Stores entfernen. <\/p>\n<blockquote><p>Was passiert nach dem 30. September? Evernote Food funktioniert dann nicht mehr. Wir empfehlen, Evernote Food zu synchronisieren. Vergewissere dich, dass alle deine Notizen bis zum 30. September in Evernote gespeichert sind.<\/p><\/blockquote>\n<p>Das Evernote-Team, das gerade ein <a href=\"http:\/\/www.iphone-ticker.de\/evernote-ein-jahr-premium-fuer-telekom-kunden-85741\/\">kostenloses Premium-Jahr<\/a> f\u00fcr Neukunden mit Telekom-Vertrag <a href=\"http:\/\/www.iphone-ticker.de\/evernote-ein-jahr-premium-fuer-telekom-kunden-85741\/\">verschenkt<\/a>, empfiehlt alternativ einen Blick in die <a href=\"http:\/\/www.iphone-ticker.de\/cooking-17-000-kochrezepte-von-der-new-york-times-85652\/\">NYT Cooking App<\/a> der New York Times zu werfen und bietet <a href=\"https:\/\/evernote.com\/intl\/de\/contact\/support\/kb\/#!\/article\/95845417\">einen FAQ-Artikel<\/a> an, der noch offene Fragen kl\u00e4ren soll. <\/p>\n<p><div class=\"responsive-video\"><iframe loading=\"lazy\" width=\"700\" height=\"371\" src=\"http:\/\/www.youtube-nocookie.com\/embed\/scvmJkAp4rQ\" frameborder=\"0\" allowfullscreen><\/iframe><\/div><\/p>\n","protected":false},"excerpt":{"rendered":"<a href=\"https:\/\/www.ifun.de\/evernote-stampft-rezept-app-evernote-food-ein-80980\/\"><img width=\"150\" height=\"150\" src=\"https:\/\/images.ifun.de\/wp-content\/uploads\/2015\/08\/food-150x150.png\" class=\"alignright tfe wp-post-image\" alt=\"\" decoding=\"async\" loading=\"lazy\" srcset=\"https:\/\/images.ifun.de\/wp-content\/uploads\/2015\/08\/food-150x150.png 150w, https:\/\/images.ifun.de\/wp-content\/uploads\/2015\/08\/food.png 232w\" sizes=\"auto, (max-width: 150px) 100vw, 150px\" \/><\/a><p>Zwei Jahr nach dem Deb\u00fct der Rezept-Applikation Evernote Food hat Evernote heute das Aus der Anwendung verk\u00fcndet. Im Hausblog des Unternehmens meldet sich Ronda Scott zu Wort und erkl\u00e4rt die Hintergr\u00fcnde: Man wolle sich zuk\u00fcnftig st\u00e4rker um das Kernprodukt k\u00fcmmern und habe die verf\u00fcgbaren Talente daher vom Food-Projekt angezogen. Neben dem &#8222;Eigenen Kochbuch&#8220; bot die [&hellip;]<\/p>\n","protected":false},"author":1,"featured_media":80984,"comment_status":"open","ping_status":"closed","sticky":false,"template":"","format":"standard","meta":{"_acf_changed":false,"footnotes":""},"categories":[5],"tags":[1516,2812],"class_list":["post-80980","post","type-post","status-publish","format-standard","has-post-thumbnail","hentry","category-apps","tag-evernote","tag-food"],"acf":[],"aioseo_notices":[],"featured_image":["http:\/\/images.ifun.de\/wp-content\/uploads\/2015\/08\/food-icon.jpg"],"rest_api_enabler":{"featured_image":"http:\/\/images.ifun.de\/wp-content\/uploads\/2015\/08\/food-icon.jpg"},"_links":{"self":[{"href":"https:\/\/www.ifun.de\/apiv2\/wp\/v2\/posts\/80980","targetHints":{"allow":["GET"]}}],"collection":[{"href":"https:\/\/www.ifun.de\/apiv2\/wp\/v2\/posts"}],"about":[{"href":"https:\/\/www.ifun.de\/apiv2\/wp\/v2\/types\/post"}],"author":[{"embeddable":true,"href":"https:\/\/www.ifun.de\/apiv2\/wp\/v2\/users\/1"}],"replies":[{"embeddable":true,"href":"https:\/\/www.ifun.de\/apiv2\/wp\/v2\/comments?post=80980"}],"version-history":[{"count":3,"href":"https:\/\/www.ifun.de\/apiv2\/wp\/v2\/posts\/80980\/revisions"}],"predecessor-version":[{"id":86257,"href":"https:\/\/www.ifun.de\/apiv2\/wp\/v2\/posts\/80980\/revisions\/86257"}],"wp:featuredmedia":[{"embeddable":true,"href":"https:\/\/www.ifun.de\/apiv2\/wp\/v2\/media\/80984"}],"wp:attachment":[{"href":"https:\/\/www.ifun.de\/apiv2\/wp\/v2\/media?parent=80980"}],"wp:term":[{"taxonomy":"category","embeddable":true,"href":"https:\/\/www.ifun.de\/apiv2\/wp\/v2\/categories?post=80980"},{"taxonomy":"post_tag","embeddable":true,"href":"https:\/\/www.ifun.de\/apiv2\/wp\/v2\/tags?post=80980"}],"curies":[{"name":"wp","href":"https:\/\/api.w.org\/{rel}","templated":true}]}}