{"id":80892,"date":"2015-08-25T18:11:02","date_gmt":"2015-08-25T16:11:02","guid":{"rendered":"http:\/\/www.ifun.de\/?p=80892"},"modified":"2015-08-26T10:08:18","modified_gmt":"2015-08-26T08:08:18","slug":"sammeln-fuer-fluechtlinge-schweigeminute-stuermt-itunes-charts","status":"publish","type":"post","link":"https:\/\/www.ifun.de\/sammeln-fuer-fluechtlinge-schweigeminute-stuermt-itunes-charts-80892\/","title":{"rendered":"Sammeln f\u00fcr Fl\u00fcchtlinge: &#8222;Schweigeminute&#8220; st\u00fcrmt iTunes-Charts"},"content":{"rendered":"<p>Geschickte K\u00fcnstler-Selbstvermarktung mit kommerziellem Interesse oder erfolgreiche Spendenkampagne f\u00fcr einen guten Zweck? In jedem Fall hat es die <a href=\"https:\/\/itunes.apple.com\/de\/album\/schweigeminute-traiskirchen\/id1030744053\">Schweigeminute (Traiskirchen)<\/a> in den \u00f6sterreichischen <a href=\"http:\/\/www.apple.com\/at\/itunes\/charts\/songs\/\">iTunes-Charts<\/a> zwischenzeitlich bereits auf den ersten Platz geschafft und steigt auch hierzulande in der Gunst der H\u00f6rer.<\/p>\n<p><a href=\"http:\/\/images.ifun.de\/wp-content\/uploads\/2015\/08\/schweige-500.jpg\"><img loading=\"lazy\" decoding=\"async\" src=\"http:\/\/images.ifun.de\/wp-content\/uploads\/2015\/08\/schweige-500.jpg\" alt=\"schweige-500\" width=\"500\" height=\"314\" class=\"aligncenter size-full wp-image-80893\" srcset=\"https:\/\/images.ifun.de\/wp-content\/uploads\/2015\/08\/schweige-500.jpg 500w, https:\/\/images.ifun.de\/wp-content\/uploads\/2015\/08\/schweige-500-300x188.jpg 300w\" sizes=\"auto, (max-width: 500px) 100vw, 500px\" \/><\/a><\/p>\n<p>Der komplett tonlose Song ruft zu einem friedlich-ruhigen Protest \u00ab<em>gegen das ersch\u00fctternde Versagen in der \u00f6sterreichische Fl\u00fcchtlings-Politik auf<\/em>\u00bb und sammelt Geld ein, das an die rund 2000, in der nieder\u00f6sterreichischen Gemeinde Traiskirchen untergebrachten Fl\u00fcchtlinge gehen soll. Traiskirchen war durch <a href=\"https:\/\/www.amnesty.at\/de\/traiskirchen-pa2\/\">einen Bericht<\/a> der Menschenrechtsorganisation Amnesty International zu systematischen M\u00e4ngeln beim Umgang mit Asylwerbern in die Schlagzeilen geraten.<\/p>\n<p><a href=\"http:\/\/www.raoulhaspel.com\/#about\">K\u00fcnstler Haspel<\/a>, der sein Projekt mit dem Hashtag #1schweigeminute bewirbt, verspricht die Eink\u00fcnfte aus dem Verkauf (<a rel=\"noindex, nofollow\" href=\"http:\/\/www.ifun.de\/amzn\/B013YFENQY\">1,29 Euro bei Amazon<\/a> &#8211; <a href=\"https:\/\/itunes.apple.com\/de\/album\/schweigeminute-traiskirchen\/id1030744053\">99 Cent bei iTunes<\/a>) direkt an die private traiskirchener Initiative &#8222;<a href=\"http:\/\/www.thankyoumoreplease.at\/\">Happy. Thank You. More Please<\/a>&#8220; weiterzuleiten und merkt zum stummen Song an:<\/p>\n<blockquote><p>Eine Einladung kurz inne zu halten und sich gemeinsam auf die uns allen innewohnende Menschlichkeit zu besinnen! Ein Aufruf gesellschaftlichen Werten wie Empathie und Hilfsbereitschaft &#8211; auch in der Politik &#8211; wieder neues Leben einzuhauchen! Jeder Cent kommt bei den Fl\u00fcchtlingen an! Reden is silber, Schweigen (hoffentlich) bald gold.<\/p><\/blockquote>\n<p>Die 30%, die von Apple, Amazon und Co. \u00fcblicherweise einbehalten werden, will Haspel aus eigener Tasche zahlen &#8211; sollten die Shop-Betreiber nicht aus freien St\u00fccken auf ihren Anteil verzichten. Apple, dies <a href=\"http:\/\/dasfilter.com\/sounds\/raoul-haspel-schweigeminute-traiskirchen-60-sekunden-stille-fuer-fluechtlinge\">berichtet Das Filter<\/a>, habe jedoch schon abgewunken. Man wisse schlicht zu wenig \u00fcber Raoul Haspel und die Hintergr\u00fcnde der Aktion.<\/p>\n","protected":false},"excerpt":{"rendered":"<a href=\"https:\/\/www.ifun.de\/sammeln-fuer-fluechtlinge-schweigeminute-stuermt-itunes-charts-80892\/\"><img width=\"150\" height=\"150\" src=\"https:\/\/images.ifun.de\/wp-content\/uploads\/2015\/08\/schweige-150x150.jpg\" class=\"alignright tfe wp-post-image\" alt=\"\" decoding=\"async\" loading=\"lazy\" \/><\/a><p>Geschickte K\u00fcnstler-Selbstvermarktung mit kommerziellem Interesse oder erfolgreiche Spendenkampagne f\u00fcr einen guten Zweck? In jedem Fall hat es die Schweigeminute (Traiskirchen) in den \u00f6sterreichischen iTunes-Charts zwischenzeitlich bereits auf den ersten Platz geschafft und steigt auch hierzulande in der Gunst der H\u00f6rer. Der komplett tonlose Song ruft zu einem friedlich-ruhigen Protest \u00abgegen das ersch\u00fctternde Versagen in der [&hellip;]<\/p>\n","protected":false},"author":1,"featured_media":80894,"comment_status":"closed","ping_status":"closed","sticky":false,"template":"","format":"standard","meta":{"_acf_changed":false,"footnotes":""},"categories":[1],"tags":[115,4743,112,357],"class_list":["post-80892","post","type-post","status-publish","format-standard","has-post-thumbnail","hentry","category-news","tag-geld","tag-itunes","tag-kunst","tag-osterreich"],"acf":[],"aioseo_notices":[],"featured_image":["http:\/\/images.ifun.de\/wp-content\/uploads\/2015\/08\/schweige.jpg"],"rest_api_enabler":{"featured_image":"http:\/\/images.ifun.de\/wp-content\/uploads\/2015\/08\/schweige.jpg"},"_links":{"self":[{"href":"https:\/\/www.ifun.de\/apiv2\/wp\/v2\/posts\/80892","targetHints":{"allow":["GET"]}}],"collection":[{"href":"https:\/\/www.ifun.de\/apiv2\/wp\/v2\/posts"}],"about":[{"href":"https:\/\/www.ifun.de\/apiv2\/wp\/v2\/types\/post"}],"author":[{"embeddable":true,"href":"https:\/\/www.ifun.de\/apiv2\/wp\/v2\/users\/1"}],"replies":[{"embeddable":true,"href":"https:\/\/www.ifun.de\/apiv2\/wp\/v2\/comments?post=80892"}],"version-history":[{"count":3,"href":"https:\/\/www.ifun.de\/apiv2\/wp\/v2\/posts\/80892\/revisions"}],"predecessor-version":[{"id":80897,"href":"https:\/\/www.ifun.de\/apiv2\/wp\/v2\/posts\/80892\/revisions\/80897"}],"wp:featuredmedia":[{"embeddable":true,"href":"https:\/\/www.ifun.de\/apiv2\/wp\/v2\/media\/80894"}],"wp:attachment":[{"href":"https:\/\/www.ifun.de\/apiv2\/wp\/v2\/media?parent=80892"}],"wp:term":[{"taxonomy":"category","embeddable":true,"href":"https:\/\/www.ifun.de\/apiv2\/wp\/v2\/categories?post=80892"},{"taxonomy":"post_tag","embeddable":true,"href":"https:\/\/www.ifun.de\/apiv2\/wp\/v2\/tags?post=80892"}],"curies":[{"name":"wp","href":"https:\/\/api.w.org\/{rel}","templated":true}]}}