{"id":80718,"date":"2015-08-19T15:42:28","date_gmt":"2015-08-19T13:42:28","guid":{"rendered":"http:\/\/www.ifun.de\/?p=80718"},"modified":"2015-08-19T15:46:58","modified_gmt":"2015-08-19T13:46:58","slug":"ipad-pro-hinterlaesst-spuren-in-analyse-tool-fuer-entwickler","status":"publish","type":"post","link":"https:\/\/www.ifun.de\/ipad-pro-hinterlaesst-spuren-in-analyse-tool-fuer-entwickler-80718\/","title":{"rendered":"&#8222;iPad Pro&#8220; hinterl\u00e4sst Spuren in Analyse-Tool f\u00fcr Entwickler"},"content":{"rendered":"<p>Das bislang unbest\u00e4tigte \u201eiPad Pro\u201c mit 12,2&#8243; Bildschirmgr\u00f6\u00dfe scheint erste Spuren in der freien Wildbahn zu hinterlassen. <a href=\"https:\/\/www.appsee.com\/blog\/technology\/the-ipad-pro-is-real-and-its-size-is-2048x2732\">Appsee<\/a>, die Anbieter eines Analysesystems f\u00fcr App-Entwickler, verzeichnen Zugriffe von einem bislang unbekannten Apple-Tablet in ihren Log-Files die offenbar von einem iPad mit \u00fcbergro\u00dfem Bildschirm stammen.<\/p>\n<p><a href=\"http:\/\/images.ifun.de\/wp-content\/uploads\/2015\/04\/ipad-pro-case-500.jpg\"><img loading=\"lazy\" decoding=\"async\" class=\"aligncenter size-full wp-image-75884\" src=\"http:\/\/images.ifun.de\/wp-content\/uploads\/2015\/04\/ipad-pro-case-500.jpg\" alt=\"ipad-pro-case-500\" width=\"500\" height=\"375\" srcset=\"https:\/\/images.ifun.de\/wp-content\/uploads\/2015\/04\/ipad-pro-case-500.jpg 500w, https:\/\/images.ifun.de\/wp-content\/uploads\/2015\/04\/ipad-pro-case-500-300x225.jpg 300w\" sizes=\"auto, (max-width: 500px) 100vw, 500px\" \/><\/a><\/p>\n<h6>Bilder: <a href=\"http:\/\/www.ifun.de\/ipad-pro-huelle-fuer-apples-129-tablet-laesst-auf-4-lautsprecher-und-usb-c-schliessen-75880\/\">H\u00fcllen f\u00fcr das iPad Pro<\/a><\/h6>\n<p>Appsee will Entwicklern dabei helfen, das Nutzerverhalten ihrer Kunden zu studieren. Zu diesem Zweck k\u00f6nnen diese ihre Apps mit einer Erweiterung ausstatten, die beispielsweise die Art und Weise, wie der Nutzer auf dem Bildschirm agiert erfasst. Beim Erstellen dieser sogenannten Heatmaps ist die Bildschirmaufl\u00f6sung, also die in Pixeln zur Verf\u00fcgung stehende Fl\u00e4che, ein wichtiger Faktor.<\/p>\n<p>Nun berichtet Appsee, dass im Rahmen dieser Analysen ein iPad mit der bislang unbekannten Aufl\u00f6sung von 2048 x 2732 Pixeln in den Logfiles aufgetaucht sei. Das Ger\u00e4t selbst identifizierte sich als \u201eiPad6,8\u201c. Auch dieser sogenannte <a href=\"http:\/\/www.everyi.com\/by-identifier\/ipod-iphone-ipad-specs-by-model-identifier.html\">Model-Identifier<\/a> wird von Apple bislang nicht verwendet. Das iPad Air 2 beispielsweise wird bei Apple intern als \u201eiPad5,3\u201c bzw. \u201eiPad5,4\u201c gef\u00fchrt.<\/p>\n<p>Die oben genannte Aufl\u00f6sung deutet an, dass der Bildschirm des besagten iPad deutlich gr\u00f6\u00dfer als die 9,7\u201c des aktuellen iPad Air 2 mit seinen 2048&nbsp;x&nbsp;1536 Pixeln ist. Zudem stimmt diese Pixelzahl mit bereits <a href=\"http:\/\/www.ifun.de\/ipad-pro-koennte-aufloesung-von-2732-x-2048-pixeln-bei-264-ppi-haben-78080\/\">im Juni<\/a> in den Tiefen von iOS aufgest\u00f6berten Werten, die schon damals als Anzeichen f\u00fcr ein kommendes gr\u00f6\u00dferes iPad gedeutet wurden.<\/p>\n<p>Mit Blick auf Ger\u00fcchte aus Zuliefererkreisen und aktuelle Spekulationen eines Apple-Analysten scheint derzeit m\u00f6glich, dass Apple das neue iPad <a href=\"http:\/\/www.macrumors.com\/2015\/08\/19\/ipad-pro-with-force-touch-stylus\/\" title=\"&#39;iPad Pro&#39; With Force Touch-Enabled Stylus Predicted to Enter Mass Production By October\">im Oktober vorstellt<\/a> und das Ger\u00e4t dann <a href=\"http:\/\/www.ifun.de\/bericht-ipad-pro-kommt-noch-im-november-79306\/\">im November<\/a> in den Handel kommt.<\/p>\n","protected":false},"excerpt":{"rendered":"<a href=\"https:\/\/www.ifun.de\/ipad-pro-hinterlaesst-spuren-in-analyse-tool-fuer-entwickler-80718\/\"><img decoding=\"async\" width=\"150\" src=\"http:\/\/images.ifun.de\/wp-content\/uploads\/2015\/04\/ipad-pro-case-500.jpg\" class=\"alignright wp-post-image tfe\" alt=\"ipad-pro-case-500\" title=\"\" \/><\/a><p>Das bislang unbest\u00e4tigte \u201eiPad Pro\u201c mit 12,2&#8243; Bildschirmgr\u00f6\u00dfe scheint erste Spuren in der freien Wildbahn zu hinterlassen. Appsee, die Anbieter eines Analysesystems f\u00fcr App-Entwickler, verzeichnen Zugriffe von einem bislang unbekannten Apple-Tablet in ihren Log-Files die offenbar von einem iPad mit \u00fcbergro\u00dfem Bildschirm stammen. Bilder: H\u00fcllen f\u00fcr das iPad Pro Appsee will Entwicklern dabei helfen, das [&hellip;]<\/p>\n","protected":false},"author":2,"featured_media":0,"comment_status":"open","ping_status":"closed","sticky":false,"template":"","format":"standard","meta":{"_acf_changed":false,"footnotes":""},"categories":[18],"tags":[3910,2486],"class_list":["post-80718","post","type-post","status-publish","format-standard","hentry","category-rumors","tag-geruechte","tag-ipad-pro"],"acf":[],"aioseo_notices":[],"featured_image":["http:\/\/images.ifun.de\/wp-content\/uploads\/2015\/04\/ipad-pro-case-header.jpg"],"rest_api_enabler":{"featured_image":"http:\/\/images.ifun.de\/wp-content\/uploads\/2015\/04\/ipad-pro-case-header.jpg"},"_links":{"self":[{"href":"https:\/\/www.ifun.de\/apiv2\/wp\/v2\/posts\/80718","targetHints":{"allow":["GET"]}}],"collection":[{"href":"https:\/\/www.ifun.de\/apiv2\/wp\/v2\/posts"}],"about":[{"href":"https:\/\/www.ifun.de\/apiv2\/wp\/v2\/types\/post"}],"author":[{"embeddable":true,"href":"https:\/\/www.ifun.de\/apiv2\/wp\/v2\/users\/2"}],"replies":[{"embeddable":true,"href":"https:\/\/www.ifun.de\/apiv2\/wp\/v2\/comments?post=80718"}],"version-history":[{"count":5,"href":"https:\/\/www.ifun.de\/apiv2\/wp\/v2\/posts\/80718\/revisions"}],"predecessor-version":[{"id":80723,"href":"https:\/\/www.ifun.de\/apiv2\/wp\/v2\/posts\/80718\/revisions\/80723"}],"wp:attachment":[{"href":"https:\/\/www.ifun.de\/apiv2\/wp\/v2\/media?parent=80718"}],"wp:term":[{"taxonomy":"category","embeddable":true,"href":"https:\/\/www.ifun.de\/apiv2\/wp\/v2\/categories?post=80718"},{"taxonomy":"post_tag","embeddable":true,"href":"https:\/\/www.ifun.de\/apiv2\/wp\/v2\/tags?post=80718"}],"curies":[{"name":"wp","href":"https:\/\/api.w.org\/{rel}","templated":true}]}}