{"id":80389,"date":"2015-08-12T08:07:17","date_gmt":"2015-08-12T06:07:17","guid":{"rendered":"http:\/\/www.ifun.de\/?p=80389"},"modified":"2015-08-12T09:10:45","modified_gmt":"2015-08-12T07:10:45","slug":"schnellerer-prozessor-ipad-mini-4-soll-split-screen-multitasking-beherrschen","status":"publish","type":"post","link":"https:\/\/www.ifun.de\/schnellerer-prozessor-ipad-mini-4-soll-split-screen-multitasking-beherrschen-80389\/","title":{"rendered":"Schnellerer Prozessor: iPad mini 4 soll Split-Screen-Multitasking beherrschen"},"content":{"rendered":"<p>Die n\u00e4chste Generation des iPad mini wird aller Voraussicht nach auch Split-Screen-Multitasking beherrschen, die von Apple \u201e<a href=\"http:\/\/www.ifun.de\/slide-over-und-split-view-die-ipad-multitasking-features-von-ios-9-im-video-77852\/\">Split View<\/a>\u201c genannte Option, auf einem in der Mitte geteilten Bildschirm zwei Apps gleichzeitig aktiv zu nutzen.<\/p>\n<p><a href=\"http:\/\/images.ifun.de\/wp-content\/uploads\/2015\/08\/50016.jpg\"><img loading=\"lazy\" decoding=\"async\" src=\"http:\/\/images.ifun.de\/wp-content\/uploads\/2015\/08\/50016.jpg\" alt=\"500\" width=\"500\" height=\"172\" class=\"alignnone size-full wp-image-80392\" srcset=\"https:\/\/images.ifun.de\/wp-content\/uploads\/2015\/08\/50016.jpg 500w, https:\/\/images.ifun.de\/wp-content\/uploads\/2015\/08\/50016-300x103.jpg 300w\" sizes=\"auto, (max-width: 500px) 100vw, 500px\" \/><\/a><\/p>\n<p>Der Hinweis auf die Verf\u00fcgbarkeit stammt aus von der US-Webseite <a href=\"http:\/\/9to5mac.com\/2015\/08\/11\/el-capitan-file-hints-at-faster-upcoming-ipad-mini-4-with-split-screen-apps-support\/\">9to5Mac<\/a> in der aktuellen Vorabversion von OS X El Capitan entdeckten Dateien. An zwei Stellen wird hier ein geteilter Bildschirm beim iPad mini referenziert, obwohl das aktuelle iPad mini 3 das Feature nicht unterst\u00fctzt.<\/p>\n<p>Bislang k\u00f6nnen nur Besitzer eines iPad Air 2 von der bereits in Vorabversionen von iOS 9 enthaltenen Funktion Split View Gebrauch machen. Die Einschr\u00e4nkung auf das iPad Air 2 wird auf die schw\u00e4chere Rechenleistung der anderen Ger\u00e4te zur\u00fcckgef\u00fchrt, somit ist auch unwahrscheinlich, dass das iPad mini 3 bei Ver\u00f6ffentlichung von iOS 9 doch noch f\u00fcr das Feature freigeschaltet wird. Im iPad mini 4 <a href=\"http:\/\/www.ifun.de\/geruecht-ipad-mini-4-soll-sich-deutlich-am-ipad-air-2-orientieren-79871\/\">soll<\/a> Apples bislang nur im iPad Air 2 verbauter A8X-Prozessor dann f\u00fcr mehr Leistung sorgen, die dritte Generation muss hier noch mit einem A7-Prozessor auskommen.<\/p>\n<p>Ausf\u00fchrlich haben wir Slide Over, Split Screen und Picture in Picture, die neuen M\u00f6glichkeiten, den Bildschirm des iPad unter mehreren Anwendungen aufzuteilen, <a href=\"http:\/\/www.ifun.de\/slide-over-und-split-view-die-ipad-multitasking-features-von-ios-9-im-video-77852\/\">hier vorgestellt<\/a>.<\/p>\n<p><a href=\"http:\/\/images.ifun.de\/wp-content\/uploads\/2015\/08\/70010.jpg\"><img loading=\"lazy\" decoding=\"async\" src=\"http:\/\/images.ifun.de\/wp-content\/uploads\/2015\/08\/70010.jpg\" alt=\"700\" width=\"700\" height=\"484\" class=\"alignnone size-full wp-image-80391\" srcset=\"https:\/\/images.ifun.de\/wp-content\/uploads\/2015\/08\/70010.jpg 700w, https:\/\/images.ifun.de\/wp-content\/uploads\/2015\/08\/70010-300x207.jpg 300w\" sizes=\"auto, (max-width: 700px) 100vw, 700px\" \/><\/a><\/p>\n","protected":false},"excerpt":{"rendered":"<a href=\"https:\/\/www.ifun.de\/schnellerer-prozessor-ipad-mini-4-soll-split-screen-multitasking-beherrschen-80389\/\"><img width=\"150\" height=\"150\" src=\"https:\/\/images.ifun.de\/wp-content\/uploads\/2015\/08\/70010-150x150.jpg\" class=\"alignright tfe wp-post-image\" alt=\"\" decoding=\"async\" loading=\"lazy\" \/><\/a><p>Die n\u00e4chste Generation des iPad mini wird aller Voraussicht nach auch Split-Screen-Multitasking beherrschen, die von Apple \u201eSplit View\u201c genannte Option, auf einem in der Mitte geteilten Bildschirm zwei Apps gleichzeitig aktiv zu nutzen. Der Hinweis auf die Verf\u00fcgbarkeit stammt aus von der US-Webseite 9to5Mac in der aktuellen Vorabversion von OS X El Capitan entdeckten Dateien. [&hellip;]<\/p>\n","protected":false},"author":2,"featured_media":80391,"comment_status":"open","ping_status":"closed","sticky":false,"template":"","format":"standard","meta":{"_acf_changed":false,"footnotes":""},"categories":[10],"tags":[1335,2797],"class_list":["post-80389","post","type-post","status-publish","format-standard","has-post-thumbnail","hentry","category-ipad","tag-ipad-mini","tag-split-screen"],"acf":[],"aioseo_notices":[],"featured_image":["http:\/\/images.ifun.de\/wp-content\/uploads\/2015\/08\/header17.jpg"],"rest_api_enabler":{"featured_image":"http:\/\/images.ifun.de\/wp-content\/uploads\/2015\/08\/header17.jpg"},"_links":{"self":[{"href":"https:\/\/www.ifun.de\/apiv2\/wp\/v2\/posts\/80389","targetHints":{"allow":["GET"]}}],"collection":[{"href":"https:\/\/www.ifun.de\/apiv2\/wp\/v2\/posts"}],"about":[{"href":"https:\/\/www.ifun.de\/apiv2\/wp\/v2\/types\/post"}],"author":[{"embeddable":true,"href":"https:\/\/www.ifun.de\/apiv2\/wp\/v2\/users\/2"}],"replies":[{"embeddable":true,"href":"https:\/\/www.ifun.de\/apiv2\/wp\/v2\/comments?post=80389"}],"version-history":[{"count":5,"href":"https:\/\/www.ifun.de\/apiv2\/wp\/v2\/posts\/80389\/revisions"}],"predecessor-version":[{"id":80402,"href":"https:\/\/www.ifun.de\/apiv2\/wp\/v2\/posts\/80389\/revisions\/80402"}],"wp:featuredmedia":[{"embeddable":true,"href":"https:\/\/www.ifun.de\/apiv2\/wp\/v2\/media\/80391"}],"wp:attachment":[{"href":"https:\/\/www.ifun.de\/apiv2\/wp\/v2\/media?parent=80389"}],"wp:term":[{"taxonomy":"category","embeddable":true,"href":"https:\/\/www.ifun.de\/apiv2\/wp\/v2\/categories?post=80389"},{"taxonomy":"post_tag","embeddable":true,"href":"https:\/\/www.ifun.de\/apiv2\/wp\/v2\/tags?post=80389"}],"curies":[{"name":"wp","href":"https:\/\/api.w.org\/{rel}","templated":true}]}}