{"id":79871,"date":"2015-07-27T17:15:11","date_gmt":"2015-07-27T15:15:11","guid":{"rendered":"http:\/\/www.ifun.de\/?p=79871"},"modified":"2015-07-27T18:44:02","modified_gmt":"2015-07-27T16:44:02","slug":"geruecht-ipad-mini-4-soll-sich-deutlich-am-ipad-air-2-orientieren","status":"publish","type":"post","link":"https:\/\/www.ifun.de\/geruecht-ipad-mini-4-soll-sich-deutlich-am-ipad-air-2-orientieren-79871\/","title":{"rendered":"Ger\u00fccht: iPad mini 4 soll sich deutlich am iPad Air 2 orientieren"},"content":{"rendered":"<p>Die kommende vierte Generation des iPad mini soll sich st\u00e4rker am iPad Air 2 orientieren. Einem Bericht der japanischen Webseite <a href=\"http:\/\/www.macotakara.jp\/blog\/rumor\/entry-27541.html\">Macotakara<\/a> zufolge wird das neue iPad nicht nur wie ein geschrumpftes iPad Air aussehen, sondern teilweise auch die Technik des gro\u00dfen Bruders \u00fcbernehmen.<\/p>\n<p><a href=\"http:\/\/images.ifun.de\/wp-content\/uploads\/2015\/07\/ipad-mini-air.jpg\"><img loading=\"lazy\" decoding=\"async\" src=\"http:\/\/images.ifun.de\/wp-content\/uploads\/2015\/07\/ipad-mini-air.jpg\" alt=\"ipad-mini-air\" width=\"500\" height=\"274\" class=\"alignnone size-full wp-image-79873\" srcset=\"https:\/\/images.ifun.de\/wp-content\/uploads\/2015\/07\/ipad-mini-air.jpg 500w, https:\/\/images.ifun.de\/wp-content\/uploads\/2015\/07\/ipad-mini-air-300x164.jpg 300w\" sizes=\"auto, (max-width: 500px) 100vw, 500px\" \/><\/a><\/p>\n<p>Wenngleich sich derartige Prognosen auch ohne gro\u00dfes Insiderwissen erstellen lie\u00dfen, Macotakara konnte seine guten Beziehungen zu den f\u00fcr Apple produzierenden Unternehmen in der Vergangenheit immer mal wieder unter Beweis stellen. Dem Artikel zufolge soll das neue iPad mini noch einmal d\u00fcnner als das aktuelle Modell und mit der selben 8-Megapixel-Kamera wie das iPad Air 2 ausgestattet sein (das aktuelle iPad mini verf\u00fcgt \u00fcber eine 5-MP-Kamera). Der Bildschirm soll ebenfalls \u00fcber eine Anti-Reflexions-Beschichtung verf\u00fcgen und als Prozessor kommt dann der momentan im iPad Air 2 verbaute A8X statt dem aktuellen A7 in Frage. Das n\u00e4chste iPad Air kommt vermutlich bereits mit einem A9-Prozessor von Apple.<\/p>\n<p>Mit Blick auf Apples \u201eUpdate-Monate\u201c September und Oktober bleibt es auf jeden Fall spannend. Weiterhin gilt es als sehr wahrscheinlich, dass Apple ein gro\u00dfes iPad mit 12,9\u201c-Bildschirm vorstellt. In der Folge wurde bereits dar\u00fcber spekuliert, ob das iPad mini in Zukunft aus dem Programm genommen wird. Berichte aus Taiwan sprachen davon, dass das iPad mini 4 das letzte Apple-Tablet mit 7,9\u201c-Bildschirm sein wird. (via <a href=\"http:\/\/www.macrumors.com\/2015\/07\/27\/ipad-mini-4-smaller-ipad-air-2-rumor\/\">Mac Rumors<\/a>)<\/p>\n","protected":false},"excerpt":{"rendered":"<a href=\"https:\/\/www.ifun.de\/geruecht-ipad-mini-4-soll-sich-deutlich-am-ipad-air-2-orientieren-79871\/\"><img width=\"150\" height=\"150\" src=\"https:\/\/images.ifun.de\/wp-content\/uploads\/2015\/07\/ipad-header-150x150.jpg\" class=\"alignright tfe wp-post-image\" alt=\"\" decoding=\"async\" loading=\"lazy\" \/><\/a><p>Die kommende vierte Generation des iPad mini soll sich st\u00e4rker am iPad Air 2 orientieren. Einem Bericht der japanischen Webseite Macotakara zufolge wird das neue iPad nicht nur wie ein geschrumpftes iPad Air aussehen, sondern teilweise auch die Technik des gro\u00dfen Bruders \u00fcbernehmen. Wenngleich sich derartige Prognosen auch ohne gro\u00dfes Insiderwissen erstellen lie\u00dfen, Macotakara konnte [&hellip;]<\/p>\n","protected":false},"author":2,"featured_media":79872,"comment_status":"open","ping_status":"closed","sticky":false,"template":"","format":"standard","meta":{"_acf_changed":false,"footnotes":""},"categories":[18],"tags":[1335],"class_list":["post-79871","post","type-post","status-publish","format-standard","has-post-thumbnail","hentry","category-rumors","tag-ipad-mini"],"acf":[],"aioseo_notices":[],"featured_image":["http:\/\/images.ifun.de\/wp-content\/uploads\/2015\/07\/ipad-header.jpg"],"rest_api_enabler":{"featured_image":"http:\/\/images.ifun.de\/wp-content\/uploads\/2015\/07\/ipad-header.jpg"},"_links":{"self":[{"href":"https:\/\/www.ifun.de\/apiv2\/wp\/v2\/posts\/79871","targetHints":{"allow":["GET"]}}],"collection":[{"href":"https:\/\/www.ifun.de\/apiv2\/wp\/v2\/posts"}],"about":[{"href":"https:\/\/www.ifun.de\/apiv2\/wp\/v2\/types\/post"}],"author":[{"embeddable":true,"href":"https:\/\/www.ifun.de\/apiv2\/wp\/v2\/users\/2"}],"replies":[{"embeddable":true,"href":"https:\/\/www.ifun.de\/apiv2\/wp\/v2\/comments?post=79871"}],"version-history":[{"count":2,"href":"https:\/\/www.ifun.de\/apiv2\/wp\/v2\/posts\/79871\/revisions"}],"predecessor-version":[{"id":79882,"href":"https:\/\/www.ifun.de\/apiv2\/wp\/v2\/posts\/79871\/revisions\/79882"}],"wp:featuredmedia":[{"embeddable":true,"href":"https:\/\/www.ifun.de\/apiv2\/wp\/v2\/media\/79872"}],"wp:attachment":[{"href":"https:\/\/www.ifun.de\/apiv2\/wp\/v2\/media?parent=79871"}],"wp:term":[{"taxonomy":"category","embeddable":true,"href":"https:\/\/www.ifun.de\/apiv2\/wp\/v2\/categories?post=79871"},{"taxonomy":"post_tag","embeddable":true,"href":"https:\/\/www.ifun.de\/apiv2\/wp\/v2\/tags?post=79871"}],"curies":[{"name":"wp","href":"https:\/\/api.w.org\/{rel}","templated":true}]}}