{"id":79642,"date":"2015-07-21T09:22:06","date_gmt":"2015-07-21T07:22:06","guid":{"rendered":"http:\/\/www.ifun.de\/?p=79642"},"modified":"2016-04-18T13:56:39","modified_gmt":"2016-04-18T11:56:39","slug":"apple-stellt-weitere-automobil-experten-an","status":"publish","type":"post","link":"https:\/\/www.ifun.de\/apple-stellt-weitere-automobil-experten-an-79642\/","title":{"rendered":"Das Elektroauto mit dem Apfel: Apple stellt weitere Automobil-Experten an"},"content":{"rendered":"<p>Nach Angaben des Wall Street Journals ist das Interesse an hochkar\u00e4tigen KFZ-Experten in Apples Personalabteilung ungebrochen hoch. Cupertino, dies berichtet das Wirtschaftsmagazin <a href=\"http:\/\/www.wsj.com\/articles\/apple-hires-auto-industry-manufacturing-veteran-1437430826\">hinter einer Paywall<\/a>, hat die neuen B\u00fcros in der Apple-Zentrale unter anderem mit dem Namensschild Doug Betts geschm\u00fcckt. <\/p>\n<p><a href=\"http:\/\/images.ifun.de\/wp-content\/uploads\/2015\/02\/50017.jpg\"><img loading=\"lazy\" decoding=\"async\" src=\"http:\/\/images.ifun.de\/wp-content\/uploads\/2015\/02\/50017.jpg\" alt=\"500\" width=\"500\" height=\"314\" class=\"alignnone size-full wp-image-73344\" srcset=\"https:\/\/images.ifun.de\/wp-content\/uploads\/2015\/02\/50017.jpg 500w, https:\/\/images.ifun.de\/wp-content\/uploads\/2015\/02\/50017-300x188.jpg 300w\" sizes=\"auto, (max-width: 500px) 100vw, 500px\" \/><\/a><\/p>\n<h6>(Bild: <a href=\"http:\/\/www.shutterstock.com\/\">daringstock | Shutterstock<\/a>)<\/h6>\n<p>Betts war noch im vergangenen Jahr f\u00fcr das Qualit\u00e4tsmanagement bei Fiat-Chrysler zust\u00e4ndig, jetzt arbeitet der Manager f\u00fcr den iPhone-Produzenten. <\/p>\n<p>Dem erneuten Mitarbeiterzugang aus dem Lager der Automobilhersteller waren <a href=\"http:\/\/www.ifun.de\/neue-geruechte-mehrere-hundert-mitarbeiter-arbeiten-an-apple-automobilprojekt-73091\/\">bereits im Februar<\/a> mehrere Berichte \u00fcber Apples Engagement in Sachen <a href=\"http:\/\/www.ifun.de\/apple-haelt-angeblich-attraktive-jobs-fuer-elektroauto-macher-bereit-72853\/\">Elektromobilit\u00e4t<\/a> vorangegangen. <\/p>\n<p>Der Nachrichtenagentur Reuters zufolge arbeitete Apple bereits im Anfang des Jahres an den Grundlagen f\u00fcr die Entwicklung eines selbstfahrenden Elektroautos. Cupertino soll  demnach aktiv Fahrzeugherstellern und Zulieferern kooperiert haben um Grundlagenwissen f\u00fcr die Konstruktion von Kraftfahrzeugen zu erlangen. Dabei gehe es nicht nur im die zugeh\u00f6rige Software oder einzelne Komponenten, sondern ausdr\u00fccklich auch um komplette Fahrzeuge.<\/p>\n<p>Der Wirtschaftsinformationsdienst Bloomberg steckte damals auch einen <a href=\"http:\/\/www.ifun.de\/bloomberg-erstes-apple-auto-soll-in-5-jahren-rollen-73342\/\">Zeitrahmen<\/a>: Sp\u00e4testens 2020 soll das erste Apple-Auto vom Band rollen. Die Verfasser des Artikels waren aber immerhin so schlau, sich ein Hintert\u00fcrchen f\u00fcr den Fall offen zu halten, dass es anders als erhofft kommt: Es sei jederzeit m\u00f6glich, dass sich Apple anders entscheide und den Termin verschiebe oder am Ende auch gar kein Auto baue.<\/p>\n<p>Heute nun berichtet das WSJ erneut: <\/p>\n<blockquote><p>Apple, with nearly $200 billion in cash reserves, has joined Google Inc. and other nontraditional auto companies in exploring ways to make systems for vehicles or build entire cars that increasingly rely on sophisticated software systems to operate.<\/p><\/blockquote>\n<p>Apple hat den Artikel nicht kommentiert. <\/p>\n<h2>Elektromobilit\u00e4t: Revolution der Automobilindustrie<\/h2>\n<p><div class=\"responsive-video\"><iframe loading=\"lazy\" width=\"700\" height=\"394\" src=\"https:\/\/www.youtube-nocookie.com\/embed\/JHUzfw24oCk?rel=0\" frameborder=\"0\" allowfullscreen><\/iframe><\/div><\/p>\n","protected":false},"excerpt":{"rendered":"<a href=\"https:\/\/www.ifun.de\/apple-stellt-weitere-automobil-experten-an-79642\/\"><img decoding=\"async\" width=\"150\" src=\"http:\/\/images.ifun.de\/wp-content\/uploads\/2015\/02\/50017.jpg\" class=\"alignright wp-post-image tfe\" alt=\"500\" title=\"\" \/><\/a><p>Nach Angaben des Wall Street Journals ist das Interesse an hochkar\u00e4tigen KFZ-Experten in Apples Personalabteilung ungebrochen hoch. Cupertino, dies berichtet das Wirtschaftsmagazin hinter einer Paywall, hat die neuen B\u00fcros in der Apple-Zentrale unter anderem mit dem Namensschild Doug Betts geschm\u00fcckt. (Bild: daringstock | Shutterstock) Betts war noch im vergangenen Jahr f\u00fcr das Qualit\u00e4tsmanagement bei Fiat-Chrysler [&hellip;]<\/p>\n","protected":false},"author":1,"featured_media":0,"comment_status":"open","ping_status":"closed","sticky":false,"template":"","format":"standard","meta":{"_acf_changed":false,"footnotes":""},"categories":[3],"tags":[4736,2632,78,2779,3910,6322],"class_list":["post-79642","post","type-post","status-publish","format-standard","hentry","category-apple","tag-apple","tag-apple-auto","tag-auto","tag-elektro","tag-geruechte","tag-rumors"],"acf":[],"aioseo_notices":[],"featured_image":["http:\/\/images.ifun.de\/wp-content\/uploads\/2013\/10\/apple-cupertino.jpg"],"rest_api_enabler":{"featured_image":"http:\/\/images.ifun.de\/wp-content\/uploads\/2013\/10\/apple-cupertino.jpg"},"_links":{"self":[{"href":"https:\/\/www.ifun.de\/apiv2\/wp\/v2\/posts\/79642","targetHints":{"allow":["GET"]}}],"collection":[{"href":"https:\/\/www.ifun.de\/apiv2\/wp\/v2\/posts"}],"about":[{"href":"https:\/\/www.ifun.de\/apiv2\/wp\/v2\/types\/post"}],"author":[{"embeddable":true,"href":"https:\/\/www.ifun.de\/apiv2\/wp\/v2\/users\/1"}],"replies":[{"embeddable":true,"href":"https:\/\/www.ifun.de\/apiv2\/wp\/v2\/comments?post=79642"}],"version-history":[{"count":4,"href":"https:\/\/www.ifun.de\/apiv2\/wp\/v2\/posts\/79642\/revisions"}],"predecessor-version":[{"id":82069,"href":"https:\/\/www.ifun.de\/apiv2\/wp\/v2\/posts\/79642\/revisions\/82069"}],"wp:attachment":[{"href":"https:\/\/www.ifun.de\/apiv2\/wp\/v2\/media?parent=79642"}],"wp:term":[{"taxonomy":"category","embeddable":true,"href":"https:\/\/www.ifun.de\/apiv2\/wp\/v2\/categories?post=79642"},{"taxonomy":"post_tag","embeddable":true,"href":"https:\/\/www.ifun.de\/apiv2\/wp\/v2\/tags?post=79642"}],"curies":[{"name":"wp","href":"https:\/\/api.w.org\/{rel}","templated":true}]}}