{"id":79233,"date":"2015-07-10T08:23:05","date_gmt":"2015-07-10T06:23:05","guid":{"rendered":"http:\/\/www.ifun.de\/?p=79233"},"modified":"2015-07-10T08:23:58","modified_gmt":"2015-07-10T06:23:58","slug":"mit-el-capitan-fotos-1-1-fuer-mac-bringt-geotagging-und-weitere-verbesserungen","status":"publish","type":"post","link":"https:\/\/www.ifun.de\/mit-el-capitan-fotos-1-1-fuer-mac-bringt-geotagging-und-weitere-verbesserungen-79233\/","title":{"rendered":"Mit El Capitan: Fotos 1.1 f\u00fcr Mac bringt Geotagging und weitere Verbesserungen"},"content":{"rendered":"<p>Mit der kommenden Version von Apples <a href=\"http:\/\/www.ifun.de\/fotos-fuer-mac-apple-informiert-auf-deutsch-73474\/\">Fotos-App f\u00fcr den Mac<\/a> werden mehrere gro\u00dfe Kritikpunkte behoben. Fotos 1.1 ist bereits Bestandteil der gestern ver\u00f6ffentlichten \u00f6ffentlichen Beta von OS X El Capitan und wird voraussichtlich sp\u00e4testens im Oktober f\u00fcr alle Anwender verf\u00fcgbar sein.<\/p>\n<p><a href=\"http:\/\/images.ifun.de\/wp-content\/uploads\/2015\/07\/50017.jpg\"><img loading=\"lazy\" decoding=\"async\" src=\"http:\/\/images.ifun.de\/wp-content\/uploads\/2015\/07\/50017.jpg\" alt=\"500\" width=\"500\" height=\"362\" class=\"alignnone size-full wp-image-79234\" srcset=\"https:\/\/images.ifun.de\/wp-content\/uploads\/2015\/07\/50017.jpg 500w, https:\/\/images.ifun.de\/wp-content\/uploads\/2015\/07\/50017-300x217.jpg 300w\" sizes=\"auto, (max-width: 500px) 100vw, 500px\" \/><\/a><\/p>\n<p>Apples Fotos-App f\u00fcr den Mac haben wir bereits <a href=\"http:\/\/www.ifun.de\/fotos-fuer-mac-so-verwaltet-ihr-eure-fotosammlung-mit-apples-neuer-foto-app-75433\/\" title=\"Fotos f\u00fcr Mac: So verwaltet ihr eure Fotosammlung mit Apples neuer Foto-App\">umfassend<\/a> <a href=\"http:\/\/www.ifun.de\/fotos-fuer-mac-bildbearbeitung-und-erweiterte-bildanpassungen-75505\/\" title=\"Fotos f\u00fcr Mac: Bildbearbeitung und erweiterte Bildanpassungen\">vorgestellt<\/a>, mussten dabei aber auch auf einige Missst\u00e4nde verweisen, beispielsweise die fehlende M\u00f6glichkeit, Ortsdaten hinzuzuf\u00fcgen oder zu bearbeiten. Bislang muss man sich hierbei mit Tools wie der Gratis-Anwendung <a href=\"http:\/\/www.ifun.de\/geotag-ergaenzt-und-aendert-gps-daten-in-fotos-75720\/\">GeoTag<\/a> behelfen. Mit dem ersten gro\u00dfen Update auf Version 1.1 wird sich dies schon bald \u00e4ndern. Apple scheint die Kritik der Anwender zu h\u00f6ren und bessert nach, der ehemalige Macworld-Redakteur <a href=\"http:\/\/sixcolors.com\/post\/2015\/07\/hands-on-with-photos-for-mac-11\/?utm_source=loopinsight.com&amp;utm_medium=referral&amp;utm_campaign=Feed%3A+loopinsight%2FKqJb+(The+Loop)&amp;utm_content=FeedBurner\">Jason Snell<\/a> hat die wichtigsten Neuerungen zusammengefasst: <\/p>\n<p><strong>Geotagging.<\/strong> Fotos 1.1 bietet die M\u00f6glichkeit, einzelne oder auch mehrere Bilder gemeinsam mit Ortsangaben zu versehen oder bestehende Daten zu \u00e4ndern. Die Funktion l\u00e4sst sich \u00fcber das Info-Fenster aufrufen.<\/p>\n<p><strong>Mehrere Bilder benennen.<\/strong> Zuk\u00fcnftig lassen sich auch Titel f\u00fcr mehrere Bilder gleichzeitig vergeben. Ihr w\u00e4hlt daf\u00fcr mehrere Bilder aus und ruft dann das gemeinsame Info-Fenster auf.<\/p>\n<p><strong>Alben-Sortierung.<\/strong> In Fotos 1.1 k\u00f6nnt ihr Alben auch so sortieren, dass das neueste an oberster Stelle steht (geht bislang nur anders herum). Zudem lassen sich Fotos nun auch nach Titel sortieren, weitere Sortieroptionen sollen offenbar folgen.<\/p>\n<p><strong>Bildbearbeitung.<\/strong> Fotos wird mit von Drittherstellern angebotenen Erweiterungen zur Bildbearbeitung zusammenarbeiten.<\/p>\n<p>Dar\u00fcber hinaus verspricht Apple noch diverse weitere neue Features und vor allem auch Leistungsverbesserungen bei der Arbeit mit gro\u00dfen Bibliotheken.<\/p>\n","protected":false},"excerpt":{"rendered":"<a href=\"https:\/\/www.ifun.de\/mit-el-capitan-fotos-1-1-fuer-mac-bringt-geotagging-und-weitere-verbesserungen-79233\/\"><img width=\"150\" height=\"150\" src=\"https:\/\/images.ifun.de\/wp-content\/uploads\/2015\/07\/50017-150x150.jpg\" class=\"alignright tfe wp-post-image\" alt=\"\" decoding=\"async\" loading=\"lazy\" \/><\/a><p>Mit der kommenden Version von Apples Fotos-App f\u00fcr den Mac werden mehrere gro\u00dfe Kritikpunkte behoben. Fotos 1.1 ist bereits Bestandteil der gestern ver\u00f6ffentlichten \u00f6ffentlichen Beta von OS X El Capitan und wird voraussichtlich sp\u00e4testens im Oktober f\u00fcr alle Anwender verf\u00fcgbar sein. Apples Fotos-App f\u00fcr den Mac haben wir bereits umfassend vorgestellt, mussten dabei aber auch [&hellip;]<\/p>\n","protected":false},"author":2,"featured_media":79234,"comment_status":"open","ping_status":"closed","sticky":false,"template":"","format":"standard","meta":{"_acf_changed":false,"footnotes":""},"categories":[16],"tags":[229,307,3038,6321,293],"class_list":["post-79233","post","type-post","status-publish","format-standard","has-post-thumbnail","hentry","category-mac","tag-bildbearbeitung","tag-fotos","tag-geotagging","tag-mac","tag-os-x"],"acf":[],"aioseo_notices":[],"featured_image":["http:\/\/images.ifun.de\/wp-content\/uploads\/2015\/02\/fotos-header.jpg"],"rest_api_enabler":{"featured_image":"http:\/\/images.ifun.de\/wp-content\/uploads\/2015\/02\/fotos-header.jpg"},"_links":{"self":[{"href":"https:\/\/www.ifun.de\/apiv2\/wp\/v2\/posts\/79233","targetHints":{"allow":["GET"]}}],"collection":[{"href":"https:\/\/www.ifun.de\/apiv2\/wp\/v2\/posts"}],"about":[{"href":"https:\/\/www.ifun.de\/apiv2\/wp\/v2\/types\/post"}],"author":[{"embeddable":true,"href":"https:\/\/www.ifun.de\/apiv2\/wp\/v2\/users\/2"}],"replies":[{"embeddable":true,"href":"https:\/\/www.ifun.de\/apiv2\/wp\/v2\/comments?post=79233"}],"version-history":[{"count":2,"href":"https:\/\/www.ifun.de\/apiv2\/wp\/v2\/posts\/79233\/revisions"}],"predecessor-version":[{"id":79236,"href":"https:\/\/www.ifun.de\/apiv2\/wp\/v2\/posts\/79233\/revisions\/79236"}],"wp:featuredmedia":[{"embeddable":true,"href":"https:\/\/www.ifun.de\/apiv2\/wp\/v2\/media\/79234"}],"wp:attachment":[{"href":"https:\/\/www.ifun.de\/apiv2\/wp\/v2\/media?parent=79233"}],"wp:term":[{"taxonomy":"category","embeddable":true,"href":"https:\/\/www.ifun.de\/apiv2\/wp\/v2\/categories?post=79233"},{"taxonomy":"post_tag","embeddable":true,"href":"https:\/\/www.ifun.de\/apiv2\/wp\/v2\/tags?post=79233"}],"curies":[{"name":"wp","href":"https:\/\/api.w.org\/{rel}","templated":true}]}}