{"id":77588,"date":"2015-06-04T07:33:59","date_gmt":"2015-06-04T05:33:59","guid":{"rendered":"http:\/\/www.ifun.de\/?p=77588"},"modified":"2015-06-04T10:08:31","modified_gmt":"2015-06-04T08:08:31","slug":"angeblich-wieder-kein-neues-apple-tv-zur-wwdc","status":"publish","type":"post","link":"https:\/\/www.ifun.de\/angeblich-wieder-kein-neues-apple-tv-zur-wwdc-77588\/","title":{"rendered":"Angeblich wieder kein neues Apple TV zur WWDC"},"content":{"rendered":"<p>Vier Tage vor der Auftaktveranstaltung zur Apple-Entwicklerkonferenz WWDC scheint es, als h\u00e4tten wir einmal mehr vergeblich auf ein neues Apple TV gehofft. Sowohl die <a href=\"http:\/\/www.nytimes.com\/2015\/06\/05\/technology\/apple-to-unveil-tool-kit-for-watch-app-developers.html\">New York Times<\/a> als auch das Technikmagazin <a href=\"http:\/\/recode.net\/2015\/06\/03\/apples-new-apple-tv-box-will-also-be-a-no-show-at-wwdc\/\">Re\/code<\/a> zitieren \u201emit der Angelegenheit vertraute Quellen\u201c, denen zufolge Apple die Produktvorstellung verschoben habe.<\/p>\n<p><a href=\"http:\/\/images.ifun.de\/wp-content\/uploads\/2014\/10\/apple-tv-500.jpg\"><img loading=\"lazy\" decoding=\"async\" src=\"http:\/\/images.ifun.de\/wp-content\/uploads\/2014\/10\/apple-tv-500.jpg\" alt=\"apple-tv-500\" width=\"500\" height=\"343\" class=\"alignnone size-full wp-image-67325\" srcset=\"https:\/\/images.ifun.de\/wp-content\/uploads\/2014\/10\/apple-tv-500.jpg 500w, https:\/\/images.ifun.de\/wp-content\/uploads\/2014\/10\/apple-tv-500-300x205.jpg 300w\" sizes=\"auto, (max-width: 500px) 100vw, 500px\" \/><\/a><\/p>\n<p>Nat\u00fcrlich waren die Ger\u00fcchte um eine Vorstellung der n\u00e4chsten Apple-TV-Generation im Rahmen der WWDC nie best\u00e4tigt. Doch deuteten nicht nur alle Zeichen darauf hin, sondern herrschte auch weitreichend Konsens bei dem Gedanke, dass Apple diese Gelegenheit f\u00fcr eine Neuvorstellung nutzen m\u00fcsse. Mit Blick auf die Konkurrenzprodukte, insbesondere Amazon Fire TV, ist Apple derzeit deutlich im Hintertreffen und geht man von einer \u00d6ffnung f\u00fcr Drittanbieter-Apps aus, w\u00e4re die Entwicklerkonferenz nat\u00fcrlich das beste Podium f\u00fcr die Einf\u00fchrung einer neuen Kombi aus Hard- und Software.<\/p>\n<p>Die beiden US-Medien pflegen gute Kontakte zu Apple, dennoch wollen wir eine positive \u00dcberraschung n\u00e4chste Woche nicht rundum ausschlie\u00dfen. Allerdings br\u00f6ckelt das Fundament f\u00fcr eine gro\u00dfe Vorstellung im TV-Bereich schon seit letzter Woche. Auch die Verhandlungen bez\u00fcglich eines Apple-eigenen Pay-TV-Angebots \u00fcber Apple TV laufen wohl z\u00e4her als geplant. Dem Vernehmen nach kann sich Apple mit den Rechteinhabern nicht \u00fcber die finanziellen Konditionen einigen.<\/p>\n<p><h5>Livestream \u00fcber Apple TV und Safari<\/h5>\n<p>Die Auftaktveranstaltung zur diesj\u00e4hrigen WWDC wird von Apple am Montag ab 19 unserer Zeit <a href=\"http:\/\/www.ifun.de\/wwdc-keynote-wird-per-livestream-uebertragen-apple-tv-ist-schon-vorbereitet-77470\/\">\u00fcber Apple TV<\/a> und <a href=\"http:\/\/www.apple.com\/live\/\">per Livestream im Internet<\/a> \u00fcbertragen. Um die Veranstaltung im Browser zu verfolgen,ist ein Mac mit Safari 6.0.5 und mindestens OS X 10.8.5 oder Safari auf einem iOS-Ger\u00e4t mit mindestens iOS 6.0 erforderlich. Themenschwerpunkte bei der Er\u00f6ffnungsveranstaltung d\u00fcrften die n\u00e4chsten Generationen von OS X und iOS sowie die M\u00f6glichkeit, native Apps f\u00fcr die Apple Watch zu entwickeln sein.<\/p>\n","protected":false},"excerpt":{"rendered":"<a href=\"https:\/\/www.ifun.de\/angeblich-wieder-kein-neues-apple-tv-zur-wwdc-77588\/\"><img width=\"150\" height=\"150\" src=\"https:\/\/images.ifun.de\/wp-content\/uploads\/2014\/10\/apple-tv-icon.jpg\" class=\"alignright tfe wp-post-image\" alt=\"\" decoding=\"async\" loading=\"lazy\" \/><\/a><p>Vier Tage vor der Auftaktveranstaltung zur Apple-Entwicklerkonferenz WWDC scheint es, als h\u00e4tten wir einmal mehr vergeblich auf ein neues Apple TV gehofft. Sowohl die New York Times als auch das Technikmagazin Re\/code zitieren \u201emit der Angelegenheit vertraute Quellen\u201c, denen zufolge Apple die Produktvorstellung verschoben habe. Nat\u00fcrlich waren die Ger\u00fcchte um eine Vorstellung der n\u00e4chsten Apple-TV-Generation [&hellip;]<\/p>\n","protected":false},"author":2,"featured_media":67326,"comment_status":"open","ping_status":"closed","sticky":false,"template":"","format":"standard","meta":{"_acf_changed":false,"footnotes":""},"categories":[4,1783],"tags":[26,3910,353],"class_list":["post-77588","post","type-post","status-publish","format-standard","has-post-thumbnail","hentry","category-appletv","category-feature","tag-apple-tv","tag-geruechte","tag-wwdc"],"acf":[],"aioseo_notices":[],"featured_image":["http:\/\/images.ifun.de\/wp-content\/uploads\/2015\/06\/wwdc-header-apple-tv.jpg"],"rest_api_enabler":{"featured_image":"http:\/\/images.ifun.de\/wp-content\/uploads\/2015\/06\/wwdc-header-apple-tv.jpg"},"_links":{"self":[{"href":"https:\/\/www.ifun.de\/apiv2\/wp\/v2\/posts\/77588","targetHints":{"allow":["GET"]}}],"collection":[{"href":"https:\/\/www.ifun.de\/apiv2\/wp\/v2\/posts"}],"about":[{"href":"https:\/\/www.ifun.de\/apiv2\/wp\/v2\/types\/post"}],"author":[{"embeddable":true,"href":"https:\/\/www.ifun.de\/apiv2\/wp\/v2\/users\/2"}],"replies":[{"embeddable":true,"href":"https:\/\/www.ifun.de\/apiv2\/wp\/v2\/comments?post=77588"}],"version-history":[{"count":1,"href":"https:\/\/www.ifun.de\/apiv2\/wp\/v2\/posts\/77588\/revisions"}],"predecessor-version":[{"id":77589,"href":"https:\/\/www.ifun.de\/apiv2\/wp\/v2\/posts\/77588\/revisions\/77589"}],"wp:featuredmedia":[{"embeddable":true,"href":"https:\/\/www.ifun.de\/apiv2\/wp\/v2\/media\/67326"}],"wp:attachment":[{"href":"https:\/\/www.ifun.de\/apiv2\/wp\/v2\/media?parent=77588"}],"wp:term":[{"taxonomy":"category","embeddable":true,"href":"https:\/\/www.ifun.de\/apiv2\/wp\/v2\/categories?post=77588"},{"taxonomy":"post_tag","embeddable":true,"href":"https:\/\/www.ifun.de\/apiv2\/wp\/v2\/tags?post=77588"}],"curies":[{"name":"wp","href":"https:\/\/api.w.org\/{rel}","templated":true}]}}