{"id":77470,"date":"2015-06-02T06:10:59","date_gmt":"2015-06-02T04:10:59","guid":{"rendered":"http:\/\/www.ifun.de\/?p=77470"},"modified":"2015-06-02T10:16:58","modified_gmt":"2015-06-02T08:16:58","slug":"wwdc-keynote-wird-per-livestream-uebertragen-apple-tv-ist-schon-vorbereitet","status":"publish","type":"post","link":"https:\/\/www.ifun.de\/wwdc-keynote-wird-per-livestream-uebertragen-apple-tv-ist-schon-vorbereitet-77470\/","title":{"rendered":"WWDC-Keynote wird per Livestream \u00fcbertragen &#8211; Apple TV ist schon vorbereitet"},"content":{"rendered":"<p>Wie <a href=\"http:\/\/www.ifun.de\/apple-keynote-zur-wwdc-am-8-juni-ab-19-uhr-deutscher-zeit-77271\/\">erwartet<\/a> wird Apple die Er\u00f6ffnungsveranstaltung zur Entwicklerkonferenz <a href=\"http:\/\/www.ifun.de\/apple-entwicklerkonferenz-wwdc-2015-startet-am-8-juni-75629\/\" title=\"WWDC\">WWDC<\/a> n\u00e4chsten Montag auch als Livestream anbieten. Auf Apple TV wurde ein entsprechender Men\u00fcpunkt bereits hinzugef\u00fcgt.<\/p>\n<p><a href=\"http:\/\/images.ifun.de\/wp-content\/uploads\/2015\/06\/wwdc-apple-tv-500.jpg\"><img loading=\"lazy\" decoding=\"async\" src=\"http:\/\/images.ifun.de\/wp-content\/uploads\/2015\/06\/wwdc-apple-tv-500.jpg\" alt=\"wwdc-apple-tv-500\" width=\"500\" height=\"274\" class=\"alignnone size-full wp-image-77472\" srcset=\"https:\/\/images.ifun.de\/wp-content\/uploads\/2015\/06\/wwdc-apple-tv-500.jpg 500w, https:\/\/images.ifun.de\/wp-content\/uploads\/2015\/06\/wwdc-apple-tv-500-300x164.jpg 300w\" sizes=\"auto, (max-width: 500px) 100vw, 500px\" \/><\/a><\/p>\n<p>Die Apple-Keynote am 8. Juni beginnt um 19 Uhr unserer Zeit und es ist zu erwarten, dass die \u00dcbertragung \u00fcber die <a href=\"http:\/\/www.apple.com\/live\/\">gewohnte Sonderseite<\/a> auch f\u00fcr Macs und iOS-Ger\u00e4te zur Verf\u00fcgung stehen wird.<\/p>\n<p><h5>Welche Neuerungen erwarten uns?<\/h5>\n<p>\u00dcber die als gesetzt geltenden Ausblicke auf iOS 9 und die n\u00e4chste Generation von Mac OS X hinaus d\u00fcrfte Apple-Chef Tim Cook bei der Veranstaltung mit dem Untertitel \u201e<a href=\"http:\/\/www.ifun.de\/wwdc-spekulation-apple-tv-als-epizentrum-des-wandels-75650\/\" title=\"WWDC-Spekulation: Apple TV als \u201cEpizentrum des Wandels\u201d?\">Epicenter of Change<\/a>\u201c auch die eine oder andere sonstige Neuerung im Gep\u00e4ck haben. Mit viel Spannung warten wir ja auf die Vorstellung einer neuen Generation der Set-Top-Box Apple TV. <a href=\"http:\/\/recode.net\/2015\/06\/01\/apple-subscription-tv-service-wont-be-announced-next-week\/\">Neuesten Ger\u00fcchten<\/a> zufolge muss in diesem Zusammenhang zwar auf die Ank\u00fcndigung eines Pay-TV-Angebots von Apple verzichtet werden &#8211; Apple konnte sich dem Vernehmen nach immer noch nicht mit den Rechteinhabern einigen. Aber das h\u00e4tte au\u00dferhalb der USA lebende Kunden vermutlich zun\u00e4chst ohnehin nicht ber\u00fchrt.<\/p>\n<p>Bleibt zu hoffen, dass die Verhandlungen im Bereich Musikstreaming positiver verlaufen sind. Auch hier wird einiges Neues von Apple erwartet. Nicht nur der werbefinanzierte Musikstreamingdienst iTunes Radio soll \u00fcberarbeitet werden, auch f\u00fcr das Musik-Abo-Angebot \u201eBeats Music\u201c wird ein Neustart als \u201eApple Music\u201c inklusive einer festen Integration in Apples Mobilbetriebssystem erwartet.<\/p>\n<p>Wir freuen uns schon auf n\u00e4chsten Montag. Wie immer halten wir euch dann nat\u00fcrlich auch hier \u00fcber alle wichtigen Neuerungen auf dem Laufenden.<\/p>\n","protected":false},"excerpt":{"rendered":"<a href=\"https:\/\/www.ifun.de\/wwdc-keynote-wird-per-livestream-uebertragen-apple-tv-ist-schon-vorbereitet-77470\/\"><img width=\"150\" height=\"150\" src=\"https:\/\/images.ifun.de\/wp-content\/uploads\/2015\/04\/wwdc-150x150.jpg\" class=\"alignright tfe wp-post-image\" alt=\"\" decoding=\"async\" loading=\"lazy\" \/><\/a><p>Wie erwartet wird Apple die Er\u00f6ffnungsveranstaltung zur Entwicklerkonferenz WWDC n\u00e4chsten Montag auch als Livestream anbieten. Auf Apple TV wurde ein entsprechender Men\u00fcpunkt bereits hinzugef\u00fcgt. Die Apple-Keynote am 8. Juni beginnt um 19 Uhr unserer Zeit und es ist zu erwarten, dass die \u00dcbertragung \u00fcber die gewohnte Sonderseite auch f\u00fcr Macs und iOS-Ger\u00e4te zur Verf\u00fcgung stehen [&hellip;]<\/p>\n","protected":false},"author":2,"featured_media":75628,"comment_status":"open","ping_status":"closed","sticky":false,"template":"","format":"standard","meta":{"_acf_changed":false,"footnotes":""},"categories":[4],"tags":[26,342,31,353],"class_list":["post-77470","post","type-post","status-publish","format-standard","has-post-thumbnail","hentry","category-appletv","tag-apple-tv","tag-keynote","tag-video","tag-wwdc"],"acf":[],"aioseo_notices":[],"featured_image":["http:\/\/images.ifun.de\/wp-content\/uploads\/2015\/06\/wwdc-header-apple-tv.jpg","http:\/\/images.ifun.de\/wp-content\/uploads\/2015\/06\/wwdc-header-apple-tv.jpg"],"rest_api_enabler":{"featured_image":["http:\/\/images.ifun.de\/wp-content\/uploads\/2015\/06\/wwdc-header-apple-tv.jpg","http:\/\/images.ifun.de\/wp-content\/uploads\/2015\/06\/wwdc-header-apple-tv.jpg"]},"_links":{"self":[{"href":"https:\/\/www.ifun.de\/apiv2\/wp\/v2\/posts\/77470","targetHints":{"allow":["GET"]}}],"collection":[{"href":"https:\/\/www.ifun.de\/apiv2\/wp\/v2\/posts"}],"about":[{"href":"https:\/\/www.ifun.de\/apiv2\/wp\/v2\/types\/post"}],"author":[{"embeddable":true,"href":"https:\/\/www.ifun.de\/apiv2\/wp\/v2\/users\/2"}],"replies":[{"embeddable":true,"href":"https:\/\/www.ifun.de\/apiv2\/wp\/v2\/comments?post=77470"}],"version-history":[{"count":3,"href":"https:\/\/www.ifun.de\/apiv2\/wp\/v2\/posts\/77470\/revisions"}],"predecessor-version":[{"id":77475,"href":"https:\/\/www.ifun.de\/apiv2\/wp\/v2\/posts\/77470\/revisions\/77475"}],"wp:featuredmedia":[{"embeddable":true,"href":"https:\/\/www.ifun.de\/apiv2\/wp\/v2\/media\/75628"}],"wp:attachment":[{"href":"https:\/\/www.ifun.de\/apiv2\/wp\/v2\/media?parent=77470"}],"wp:term":[{"taxonomy":"category","embeddable":true,"href":"https:\/\/www.ifun.de\/apiv2\/wp\/v2\/categories?post=77470"},{"taxonomy":"post_tag","embeddable":true,"href":"https:\/\/www.ifun.de\/apiv2\/wp\/v2\/tags?post=77470"}],"curies":[{"name":"wp","href":"https:\/\/api.w.org\/{rel}","templated":true}]}}