{"id":7709,"date":"2010-12-17T17:33:48","date_gmt":"2010-12-17T16:33:48","guid":{"rendered":"http:\/\/www.ifun.de\/?p=7709"},"modified":"2010-12-17T17:33:48","modified_gmt":"2010-12-17T16:33:48","slug":"neue-geruchte-kommen-die-zeitungs-abos-furs-ipad-im-januar","status":"publish","type":"post","link":"https:\/\/www.ifun.de\/neue-geruchte-kommen-die-zeitungs-abos-furs-ipad-im-januar-7709\/","title":{"rendered":"Neue Ger\u00fcchte: Kommen die Zeitungs-Abos f\u00fcrs iPad im Januar?"},"content":{"rendered":"<p>Seit geraumer Zeit wird dar\u00fcber spekuliert, dass Apple ein Abo-Modell f\u00fcr Zeitungen und Zeitschriften aus dem App Store einf\u00fchrt. Das Ganze k\u00f6nnte dann so laufen, dass die Geb\u00fchren auf Wochen- oder Monatsbasis \u00fcber den iTunes-Account abgerechnet werden, und die neuen Ausgaben automatisch auf das iPad, iPhone oder den iPod touch geladen werden. Der Leser m\u00fcsste sich um nichts k\u00fcmmern und h\u00e4tte beim Starten der Anwendung stets die neueste Ausgabe der jeweiligen Publikation vor Augen.<br \/>\nZuletzt hatte man den Start eines solchen Angebots in der ersten Dezemberh\u00e4lfte <a href=\"http:\/\/www.ifun.de\/2010\/11\/24\/geruchte-bringt-ios-4-3-bereits-mitte-dezember-zeitungsabos-fur-das-ipad\/\">erwartet<\/a>, eine entsprechende Ank\u00fcndigung seitens Apple blieb allerdings bislang aus.<\/p>\n<p><img loading=\"lazy\" decoding=\"async\" src=\"http:\/\/images.ifun.de\/wp-content\/uploads\/2010\/12\/the_daily.jpg\" alt=\"\" title=\"the_daily\" width=\"95\" height=\"91\" class=\"alignright size-full wp-image-7712\" \/>Nun gibt es neue, durchaus glaubhafte Hinweise auf die Einf\u00fchrung des Abodienstes im Januar. Laut dem gew\u00f6hnlich gut informierten <a href=\"http:\/\/mediamemo.allthingsd.com\/20101217\/rupert-murdochs-daily-ipad-newspaper-set-for-january-launch\/\">AllThingsD-Blog<\/a> des Wall Street Journal plant der australische Medienunternehmer Rupert Murdoch den Start seines <a href=\"http:\/\/www.ifun.de\/2010\/11\/23\/geruchte-um-zeitung-nur-fur-das-ipad\/\">iPad-only-Magazins &#8222;Daily&#8220;<\/a> in der dritten Januarwoche 2011 und es gilt als sicher, dass der Apple diese exklusive Magazin-Ver\u00f6ffentlichung dazu nutzen wird, einen passenden Abodienst anzubieten. <\/p>\n<p>Sollten sich diese Ger\u00fcchte bewahrheiten, d\u00fcrften sich innerhalb kurzer Zeit eine stattliche Zahl weiterer Publikationen mit Abo-Modellen nachziehen. Laut unseren Informationen wartet in Deutschland bereits ein halbes Dutzend \u00fcberregionaler Publikationen nur noch auf ein entsprechendes Go.  <\/p>\n","protected":false},"excerpt":{"rendered":"<a href=\"https:\/\/www.ifun.de\/neue-geruchte-kommen-die-zeitungs-abos-furs-ipad-im-januar-7709\/\"><img width=\"95\" height=\"91\" src=\"https:\/\/images.ifun.de\/wp-content\/uploads\/2010\/12\/the_daily.jpg\" class=\"alignright tfe wp-post-image\" alt=\"\" decoding=\"async\" loading=\"lazy\" \/><\/a><p>Seit geraumer Zeit wird dar\u00fcber spekuliert, dass Apple ein Abo-Modell f\u00fcr Zeitungen und Zeitschriften aus dem App Store einf\u00fchrt. Das Ganze k\u00f6nnte dann so laufen, dass die Geb\u00fchren auf Wochen- oder Monatsbasis \u00fcber den iTunes-Account abgerechnet werden, und die neuen Ausgaben automatisch auf das iPad, iPhone oder den iPod touch geladen werden. Der Leser m\u00fcsste [&hellip;]<\/p>\n","protected":false},"author":2,"featured_media":7712,"comment_status":"open","ping_status":"closed","sticky":false,"template":"","format":"standard","meta":{"_acf_changed":false,"footnotes":""},"categories":[18],"tags":[104,4740,66],"class_list":["post-7709","post","type-post","status-publish","format-standard","has-post-thumbnail","hentry","category-rumors","tag-abo","tag-ipad","tag-zeitung"],"acf":[],"aioseo_notices":[],"rest_api_enabler":[],"_links":{"self":[{"href":"https:\/\/www.ifun.de\/apiv2\/wp\/v2\/posts\/7709","targetHints":{"allow":["GET"]}}],"collection":[{"href":"https:\/\/www.ifun.de\/apiv2\/wp\/v2\/posts"}],"about":[{"href":"https:\/\/www.ifun.de\/apiv2\/wp\/v2\/types\/post"}],"author":[{"embeddable":true,"href":"https:\/\/www.ifun.de\/apiv2\/wp\/v2\/users\/2"}],"replies":[{"embeddable":true,"href":"https:\/\/www.ifun.de\/apiv2\/wp\/v2\/comments?post=7709"}],"version-history":[{"count":6,"href":"https:\/\/www.ifun.de\/apiv2\/wp\/v2\/posts\/7709\/revisions"}],"predecessor-version":[{"id":7716,"href":"https:\/\/www.ifun.de\/apiv2\/wp\/v2\/posts\/7709\/revisions\/7716"}],"wp:featuredmedia":[{"embeddable":true,"href":"https:\/\/www.ifun.de\/apiv2\/wp\/v2\/media\/7712"}],"wp:attachment":[{"href":"https:\/\/www.ifun.de\/apiv2\/wp\/v2\/media?parent=7709"}],"wp:term":[{"taxonomy":"category","embeddable":true,"href":"https:\/\/www.ifun.de\/apiv2\/wp\/v2\/categories?post=7709"},{"taxonomy":"post_tag","embeddable":true,"href":"https:\/\/www.ifun.de\/apiv2\/wp\/v2\/tags?post=7709"}],"curies":[{"name":"wp","href":"https:\/\/api.w.org\/{rel}","templated":true}]}}