{"id":76895,"date":"2015-05-19T14:50:28","date_gmt":"2015-05-19T12:50:28","guid":{"rendered":"http:\/\/www.ifun.de\/?p=76895"},"modified":"2015-05-19T16:40:32","modified_gmt":"2015-05-19T14:40:32","slug":"apple-stellt-15-macbook-pro-mit-force-touch-trackpad-und-neuen-5k-imac-vor","status":"publish","type":"post","link":"https:\/\/www.ifun.de\/apple-stellt-15-macbook-pro-mit-force-touch-trackpad-und-neuen-5k-imac-vor-76895\/","title":{"rendered":"Apple stellt neues 15&#8243;-MacBook Pro mit Force-Touch-Trackpad und g\u00fcnstigeren 5K-iMac vor"},"content":{"rendered":"<p>Apple hat ein neues <a href=\"http:\/\/ifun.de\/applestore\/http:\/\/store.apple.com\/de\/go\/macbook\">MacBook Pro mit 15\u201c-Bildschirm und Force-Touch-Trackpad<\/a> sowie einen neuen <a href=\"http:\/\/ifun.de\/applestore\/http:\/\/store.apple.com\/de\/go\/imac\">iMac mit Retina-Bildschirm<\/a> vorgestellt.<\/p>\n<p><a href=\"http:\/\/images.ifun.de\/wp-content\/uploads\/2014\/10\/imac-27-500.jpg\"><img loading=\"lazy\" decoding=\"async\" src=\"http:\/\/images.ifun.de\/wp-content\/uploads\/2014\/10\/imac-27-500.jpg\" alt=\"imac-27-500\" width=\"500\" height=\"331\" class=\"alignnone size-full wp-image-68266\" srcset=\"https:\/\/images.ifun.de\/wp-content\/uploads\/2014\/10\/imac-27-500.jpg 500w, https:\/\/images.ifun.de\/wp-content\/uploads\/2014\/10\/imac-27-500-300x198.jpg 300w\" sizes=\"auto, (max-width: 500px) 100vw, 500px\" \/><\/a><\/p>\n<h2>15-Zoll MacBook Pro mit Force Touch Trackpad<\/h2>\n<p>Das neu ver\u00f6ffentlichte, \u00fcberarbeitete <a href=\"http:\/\/ifun.de\/applestore\/http:\/\/store.apple.com\/de\/go\/macbook\">MacBook Pro 15\u201c<\/a> erlaubt seinen Besitzern, nun ebenfalls die mit Apples Force-Touch-Trackpad verbundenen Zusatzfunktionen zu nutzen. Zudem ist das Ger\u00e4t wie bereits die im M\u00e4rz vorgestellten 13\u201c-Modelle nun mit gegen\u00fcber der Vorg\u00e4ngerversion bis zu 2,5 mal schnellerem Flash-Speicher ausgestattet. Apple nennt eine maximale Datendurchsatzrate von 2,0 GB\/s. Ebenfalls neu ist die verbaute AMD Radeon R9 M370X-Grafik mit bis zu 80 Prozent schnellerer Leistung und eine auf maximal 9 Stunden erh\u00f6hte Akkulaufzeit. Der Einstiegspreis f\u00fcr das Ger\u00e4t liegt bei 2249 Euro.<\/p>\n<h2>G\u00fcnstigerer iMac mit Retina 5K Display<\/h2>\n<p>Mit dem <a href=\"http:\/\/ifun.de\/applestore\/http:\/\/store.apple.com\/de\/go\/imac\">neuen iMac<\/a> bietet Apple nun eine zus\u00e4tzliche Konfiguration des 27\u201c-iMac mit 5K-Bildschirm an. Das Ger\u00e4t ist ab 2299 Euro erh\u00e4ltlich mit einem 3,3 GHz Quad-Core Intel Core i5 Prozessor mit Turbo Boost-Geschwindigkeiten bis zu 3,7 GHz und AMD Radeon R9 M290 Grafik ausgestattet. Der neue iMac hat 8GB Arbeitsspeicher und 1TB Festplattenspeicher, vier USB 3.0- und zwei Thunderbolt-2-Anschl\u00fcsse.<\/p>\n<p>Beide neuen Macs lassen sich ab sofort im <a href=\"http:\/\/ifun.de\/applestore\/http:\/\/store.apple.com\/de\/go\/home\">Apple Onlinestore<\/a> bestellen.<\/p>\n","protected":false},"excerpt":{"rendered":"<a href=\"https:\/\/www.ifun.de\/apple-stellt-15-macbook-pro-mit-force-touch-trackpad-und-neuen-5k-imac-vor-76895\/\"><img decoding=\"async\" width=\"150\" src=\"http:\/\/images.ifun.de\/wp-content\/uploads\/2014\/10\/imac-27-500.jpg\" class=\"alignright wp-post-image tfe\" alt=\"imac-27-500\" title=\"\" \/><\/a><p>Apple hat ein neues MacBook Pro mit 15\u201c-Bildschirm und Force-Touch-Trackpad sowie einen neuen iMac mit Retina-Bildschirm vorgestellt. 15-Zoll MacBook Pro mit Force Touch Trackpad Das neu ver\u00f6ffentlichte, \u00fcberarbeitete MacBook Pro 15\u201c erlaubt seinen Besitzern, nun ebenfalls die mit Apples Force-Touch-Trackpad verbundenen Zusatzfunktionen zu nutzen. Zudem ist das Ger\u00e4t wie bereits die im M\u00e4rz vorgestellten 13\u201c-Modelle [&hellip;]<\/p>\n","protected":false},"author":2,"featured_media":0,"comment_status":"open","ping_status":"closed","sticky":false,"template":"","format":"standard","meta":{"_acf_changed":false,"footnotes":""},"categories":[16,1783],"tags":[4736,393,6321,224,293],"class_list":["post-76895","post","type-post","status-publish","format-standard","hentry","category-mac","category-feature","tag-apple","tag-imac","tag-mac","tag-macbook-pro","tag-os-x"],"acf":[],"aioseo_notices":[],"featured_image":["http:\/\/images.ifun.de\/wp-content\/uploads\/2014\/10\/imac-header.jpg"],"rest_api_enabler":{"featured_image":"http:\/\/images.ifun.de\/wp-content\/uploads\/2014\/10\/imac-header.jpg"},"_links":{"self":[{"href":"https:\/\/www.ifun.de\/apiv2\/wp\/v2\/posts\/76895","targetHints":{"allow":["GET"]}}],"collection":[{"href":"https:\/\/www.ifun.de\/apiv2\/wp\/v2\/posts"}],"about":[{"href":"https:\/\/www.ifun.de\/apiv2\/wp\/v2\/types\/post"}],"author":[{"embeddable":true,"href":"https:\/\/www.ifun.de\/apiv2\/wp\/v2\/users\/2"}],"replies":[{"embeddable":true,"href":"https:\/\/www.ifun.de\/apiv2\/wp\/v2\/comments?post=76895"}],"version-history":[{"count":7,"href":"https:\/\/www.ifun.de\/apiv2\/wp\/v2\/posts\/76895\/revisions"}],"predecessor-version":[{"id":76902,"href":"https:\/\/www.ifun.de\/apiv2\/wp\/v2\/posts\/76895\/revisions\/76902"}],"wp:attachment":[{"href":"https:\/\/www.ifun.de\/apiv2\/wp\/v2\/media?parent=76895"}],"wp:term":[{"taxonomy":"category","embeddable":true,"href":"https:\/\/www.ifun.de\/apiv2\/wp\/v2\/categories?post=76895"},{"taxonomy":"post_tag","embeddable":true,"href":"https:\/\/www.ifun.de\/apiv2\/wp\/v2\/tags?post=76895"}],"curies":[{"name":"wp","href":"https:\/\/api.w.org\/{rel}","templated":true}]}}