{"id":76524,"date":"2015-05-07T16:22:45","date_gmt":"2015-05-07T14:22:45","guid":{"rendered":"http:\/\/www.ifun.de\/?p=76524"},"modified":"2015-05-07T16:32:06","modified_gmt":"2015-05-07T14:32:06","slug":"zum-mitnehmen-erste-deutsche-apple-stores-verkaufen-das-neue-macbook","status":"publish","type":"post","link":"https:\/\/www.ifun.de\/zum-mitnehmen-erste-deutsche-apple-stores-verkaufen-das-neue-macbook-76524\/","title":{"rendered":"Zum Mitnehmen: Erste deutsche Apple Stores verkaufen das neue MacBook"},"content":{"rendered":"<p>Ein kleines Status-Update zur Verf\u00fcgbarkeit des <a href=\"http:\/\/www.ifun.de\/macbook-retina-12-apple-stellt-neue-macbook-generation-vor-74120\/\">neuen MacBook<\/a>: Wenn ihr das Ding unbedingt braucht und euch die im <a href=\"http:\/\/ifun.de\/applestore\/http:\/\/store.apple.com\/de\/go\/macbook\" title=\"neues MacBook mit 12\u201c-Retina-Bildschirm\">Apple Online-Store<\/a> angegebene Lieferzeit von 3 bis 5 Wochen zu heftig ist, k\u00f6nnt ihr euer Gl\u00fcck nun auch in den <a href=\"http:\/\/www.apple.com\/de\/retail\/\">deutschen Apple-Ladengesch\u00e4ften<\/a> versuchen.<\/p>\n<p><a href=\"http:\/\/images.ifun.de\/wp-content\/uploads\/2015\/04\/macbook-12-500.jpg\"><img loading=\"lazy\" decoding=\"async\" src=\"http:\/\/images.ifun.de\/wp-content\/uploads\/2015\/04\/macbook-12-500.jpg\" alt=\"macbook-12-500\" width=\"500\" height=\"171\" class=\"alignnone size-full wp-image-75168\" srcset=\"https:\/\/images.ifun.de\/wp-content\/uploads\/2015\/04\/macbook-12-500.jpg 500w, https:\/\/images.ifun.de\/wp-content\/uploads\/2015\/04\/macbook-12-500-300x103.jpg 300w\" sizes=\"auto, (max-width: 500px) 100vw, 500px\" \/><\/a><\/p>\n<p>Mittlerweile liegt das kompakte Notebook mit 12\u201c-Bildschirm n\u00e4mlich nicht nur in allen 14 deutschen Apple Store zur Ausstellung, sondern kann zumindest teilweise auch sofort mitgenommen werden. Aus Berlin melden mehrere Leser von begrenzten Lagerbest\u00e4nden im Apple Store Kurf\u00fcrstendamm und auch der M\u00fcnchener Store in der Rosenstra\u00dfe h\u00e4lt das kleine MacBook in verschiedenen Ausf\u00fchrungen zum Verkauf bereit.<\/p>\n<p>Bevor ihr euch nun allerdings auf den Weg macht, ruft lieber kurz in eurem Apple Store an. Die Vorr\u00e4te sind wohl sehr begrenzt und ein Teil der Apple Stores &#8211; beispielsweise Sindelfingen &#8211; hat noch gar keine Ger\u00e4te zum Verkauf bekommen. <\/p>\n","protected":false},"excerpt":{"rendered":"<a href=\"https:\/\/www.ifun.de\/zum-mitnehmen-erste-deutsche-apple-stores-verkaufen-das-neue-macbook-76524\/\"><img decoding=\"async\" width=\"150\" src=\"http:\/\/images.ifun.de\/wp-content\/uploads\/2015\/04\/macbook-12-500.jpg\" class=\"alignright wp-post-image tfe\" alt=\"macbook-12-500\" title=\"\" \/><\/a><p>Ein kleines Status-Update zur Verf\u00fcgbarkeit des neuen MacBook: Wenn ihr das Ding unbedingt braucht und euch die im Apple Online-Store angegebene Lieferzeit von 3 bis 5 Wochen zu heftig ist, k\u00f6nnt ihr euer Gl\u00fcck nun auch in den deutschen Apple-Ladengesch\u00e4ften versuchen. Mittlerweile liegt das kompakte Notebook mit 12\u201c-Bildschirm n\u00e4mlich nicht nur in allen 14 deutschen [&hellip;]<\/p>\n","protected":false},"author":2,"featured_media":0,"comment_status":"open","ping_status":"closed","sticky":false,"template":"","format":"standard","meta":{"_acf_changed":false,"footnotes":""},"categories":[16],"tags":[4736,6321,144],"class_list":["post-76524","post","type-post","status-publish","format-standard","hentry","category-mac","tag-apple","tag-mac","tag-macbook"],"acf":[],"aioseo_notices":[],"featured_image":["http:\/\/images.ifun.de\/wp-content\/uploads\/2015\/04\/macbook-logo-header.jpg","http:\/\/images.ifun.de\/wp-content\/uploads\/2015\/04\/macbook-logo-header.jpg"],"rest_api_enabler":{"featured_image":["http:\/\/images.ifun.de\/wp-content\/uploads\/2015\/04\/macbook-logo-header.jpg","http:\/\/images.ifun.de\/wp-content\/uploads\/2015\/04\/macbook-logo-header.jpg"]},"_links":{"self":[{"href":"https:\/\/www.ifun.de\/apiv2\/wp\/v2\/posts\/76524","targetHints":{"allow":["GET"]}}],"collection":[{"href":"https:\/\/www.ifun.de\/apiv2\/wp\/v2\/posts"}],"about":[{"href":"https:\/\/www.ifun.de\/apiv2\/wp\/v2\/types\/post"}],"author":[{"embeddable":true,"href":"https:\/\/www.ifun.de\/apiv2\/wp\/v2\/users\/2"}],"replies":[{"embeddable":true,"href":"https:\/\/www.ifun.de\/apiv2\/wp\/v2\/comments?post=76524"}],"version-history":[{"count":2,"href":"https:\/\/www.ifun.de\/apiv2\/wp\/v2\/posts\/76524\/revisions"}],"predecessor-version":[{"id":76526,"href":"https:\/\/www.ifun.de\/apiv2\/wp\/v2\/posts\/76524\/revisions\/76526"}],"wp:attachment":[{"href":"https:\/\/www.ifun.de\/apiv2\/wp\/v2\/media?parent=76524"}],"wp:term":[{"taxonomy":"category","embeddable":true,"href":"https:\/\/www.ifun.de\/apiv2\/wp\/v2\/categories?post=76524"},{"taxonomy":"post_tag","embeddable":true,"href":"https:\/\/www.ifun.de\/apiv2\/wp\/v2\/tags?post=76524"}],"curies":[{"name":"wp","href":"https:\/\/api.w.org\/{rel}","templated":true}]}}