{"id":76424,"date":"2015-05-05T16:58:37","date_gmt":"2015-05-05T14:58:37","guid":{"rendered":"http:\/\/www.ifun.de\/?p=76424"},"modified":"2015-05-05T18:26:03","modified_gmt":"2015-05-05T16:26:03","slug":"arte-mediathek-startet-auf-apple-tv","status":"publish","type":"post","link":"https:\/\/www.ifun.de\/arte-mediathek-startet-auf-apple-tv-76424\/","title":{"rendered":"ARTE Mediathek startet auf Apple TV"},"content":{"rendered":"<p>Mit der Arte Mediathek finden erstmals Inhalte von \u00f6ffentlich-rechtlichen Sendern eine Platz auf <a href=\"http:\/\/www.ifun.de\/apple-tv\/\">Apple TV<\/a>. Der Sender stellt die Inhalte der Mediathek \u201eARTE+7\u201c sowie der Musikplattform \u201eARTE Concert\u201c \u00fcber eine eigene App auf der Apple Set-Top-Box bereit.<\/p>\n<p><a href=\"http:\/\/images.ifun.de\/wp-content\/uploads\/2015\/05\/5002.jpg\"><img loading=\"lazy\" decoding=\"async\" src=\"http:\/\/images.ifun.de\/wp-content\/uploads\/2015\/05\/5002.jpg\" alt=\"500\" width=\"500\" height=\"268\" class=\"alignnone size-full wp-image-76425\" srcset=\"https:\/\/images.ifun.de\/wp-content\/uploads\/2015\/05\/5002.jpg 500w, https:\/\/images.ifun.de\/wp-content\/uploads\/2015\/05\/5002-300x161.jpg 300w\" sizes=\"auto, (max-width: 500px) 100vw, 500px\" \/><\/a><\/p>\n<p>Das Angebot ist in den deutsch- bzw. franz\u00f6sischsprachigen L\u00e4ndern Deutschland, \u00d6sterreich, Schweiz, Frankreich, Belgien und Luxemburg verf\u00fcgbar. \u201eARTE+7\u201c h\u00e4lt zahlreiche Sendungen bis zu sieben Tage nach der TV-Ausstrahlung zum Abruf on Demand bereit, darunter Kultur- und Entdeckungsdokus, Filme und Serien sowie auch Informationssendungen und aktuelle Magazine. \u201eARTE Concert\u201c bietet Musik- und Tanzliebhabern j\u00e4hrlich 600 Auff\u00fchrungen, davon die H\u00e4lfte live. Das Angebot reicht von Weltmusik und Theater \u00fcber Rock, Pop, Jazz und Klassik bis hin zu Ballett und Oper.<\/p>\n<p>Falls ihr das ARTE-Symbol nicht direkt auf dem Home-Bildschirm eures Apple TV seht, hilft in der Regel ein Neustart der Box. Ebenso sollte dann der neue US-Sender CBS Sports auch auf deutschen Apple TVs verf\u00fcgbar sein.<\/p>\n<p><a href=\"http:\/\/images.ifun.de\/wp-content\/uploads\/2015\/05\/7001.jpg\"><img loading=\"lazy\" decoding=\"async\" src=\"http:\/\/images.ifun.de\/wp-content\/uploads\/2015\/05\/7001.jpg\" alt=\"700\" width=\"700\" height=\"419\" class=\"alignnone size-full wp-image-76426\" srcset=\"https:\/\/images.ifun.de\/wp-content\/uploads\/2015\/05\/7001.jpg 700w, https:\/\/images.ifun.de\/wp-content\/uploads\/2015\/05\/7001-300x180.jpg 300w\" sizes=\"auto, (max-width: 700px) 100vw, 700px\" \/><\/a><\/p>\n<p><a href=\"http:\/\/images.ifun.de\/wp-content\/uploads\/2015\/05\/cbs-sports.jpg\"><img loading=\"lazy\" decoding=\"async\" src=\"http:\/\/images.ifun.de\/wp-content\/uploads\/2015\/05\/cbs-sports.jpg\" alt=\"cbs-sports\" width=\"700\" height=\"381\" class=\"alignnone size-full wp-image-76427\" srcset=\"https:\/\/images.ifun.de\/wp-content\/uploads\/2015\/05\/cbs-sports.jpg 700w, https:\/\/images.ifun.de\/wp-content\/uploads\/2015\/05\/cbs-sports-300x163.jpg 300w\" sizes=\"auto, (max-width: 700px) 100vw, 700px\" \/><\/a><\/p>\n","protected":false},"excerpt":{"rendered":"<a href=\"https:\/\/www.ifun.de\/arte-mediathek-startet-auf-apple-tv-76424\/\"><img width=\"150\" height=\"150\" src=\"https:\/\/images.ifun.de\/wp-content\/uploads\/2015\/05\/arte-apple-tv-header-150x150.jpg\" class=\"alignright tfe wp-post-image\" alt=\"\" decoding=\"async\" loading=\"lazy\" \/><\/a><p>Mit der Arte Mediathek finden erstmals Inhalte von \u00f6ffentlich-rechtlichen Sendern eine Platz auf Apple TV. Der Sender stellt die Inhalte der Mediathek \u201eARTE+7\u201c sowie der Musikplattform \u201eARTE Concert\u201c \u00fcber eine eigene App auf der Apple Set-Top-Box bereit. Das Angebot ist in den deutsch- bzw. franz\u00f6sischsprachigen L\u00e4ndern Deutschland, \u00d6sterreich, Schweiz, Frankreich, Belgien und Luxemburg verf\u00fcgbar. \u201eARTE+7\u201c [&hellip;]<\/p>\n","protected":false},"author":2,"featured_media":76428,"comment_status":"open","ping_status":"closed","sticky":false,"template":"","format":"standard","meta":{"_acf_changed":false,"footnotes":""},"categories":[4,1783],"tags":[26,1786,1169,31],"class_list":["post-76424","post","type-post","status-publish","format-standard","has-post-thumbnail","hentry","category-appletv","category-feature","tag-apple-tv","tag-arte","tag-mediathek","tag-video"],"acf":[],"aioseo_notices":[],"featured_image":["http:\/\/images.ifun.de\/wp-content\/uploads\/2015\/05\/arte-apple-tv-header.jpg","http:\/\/images.ifun.de\/wp-content\/uploads\/2015\/05\/arte-apple-tv-header.jpg"],"rest_api_enabler":{"featured_image":["http:\/\/images.ifun.de\/wp-content\/uploads\/2015\/05\/arte-apple-tv-header.jpg","http:\/\/images.ifun.de\/wp-content\/uploads\/2015\/05\/arte-apple-tv-header.jpg"]},"_links":{"self":[{"href":"https:\/\/www.ifun.de\/apiv2\/wp\/v2\/posts\/76424","targetHints":{"allow":["GET"]}}],"collection":[{"href":"https:\/\/www.ifun.de\/apiv2\/wp\/v2\/posts"}],"about":[{"href":"https:\/\/www.ifun.de\/apiv2\/wp\/v2\/types\/post"}],"author":[{"embeddable":true,"href":"https:\/\/www.ifun.de\/apiv2\/wp\/v2\/users\/2"}],"replies":[{"embeddable":true,"href":"https:\/\/www.ifun.de\/apiv2\/wp\/v2\/comments?post=76424"}],"version-history":[{"count":2,"href":"https:\/\/www.ifun.de\/apiv2\/wp\/v2\/posts\/76424\/revisions"}],"predecessor-version":[{"id":76430,"href":"https:\/\/www.ifun.de\/apiv2\/wp\/v2\/posts\/76424\/revisions\/76430"}],"wp:featuredmedia":[{"embeddable":true,"href":"https:\/\/www.ifun.de\/apiv2\/wp\/v2\/media\/76428"}],"wp:attachment":[{"href":"https:\/\/www.ifun.de\/apiv2\/wp\/v2\/media?parent=76424"}],"wp:term":[{"taxonomy":"category","embeddable":true,"href":"https:\/\/www.ifun.de\/apiv2\/wp\/v2\/categories?post=76424"},{"taxonomy":"post_tag","embeddable":true,"href":"https:\/\/www.ifun.de\/apiv2\/wp\/v2\/tags?post=76424"}],"curies":[{"name":"wp","href":"https:\/\/api.w.org\/{rel}","templated":true}]}}