{"id":76421,"date":"2015-05-05T16:28:45","date_gmt":"2015-05-05T14:28:45","guid":{"rendered":"http:\/\/www.ifun.de\/?p=76421"},"modified":"2015-05-14T10:33:49","modified_gmt":"2015-05-14T08:33:49","slug":"15-macbook-pro-mit-lieferproblemen-versand-fuer-neues-12-macbook-laeuft","status":"publish","type":"post","link":"https:\/\/www.ifun.de\/15-macbook-pro-mit-lieferproblemen-versand-fuer-neues-12-macbook-laeuft-76421\/","title":{"rendered":"15&#8243; MacBook Pro mit Lieferproblemen &#8211; Versand f\u00fcr neues 12&#8243;-MacBook l\u00e4uft"},"content":{"rendered":"<p>W\u00e4hrend fr\u00fche Besteller des <a href=\"http:\/\/www.ifun.de\/macbook-retina-12-apple-stellt-neue-macbook-generation-vor-74120\/\">neuen MacBook<\/a> sich seit gestern \u00fcber eintreffende Versandbest\u00e4tigungen freuen, scheint es bei der Auslieferung des MacBook Pro mit 15\u201c Bildschirmgr\u00f6\u00dfe Probleme zu geben. Apple legt hier offenbar gerade einige Bestellungen auf Eis.<\/p>\n<p><a href=\"http:\/\/images.ifun.de\/wp-content\/uploads\/2015\/04\/macbook-12-5001.jpg\"><img loading=\"lazy\" decoding=\"async\" src=\"http:\/\/images.ifun.de\/wp-content\/uploads\/2015\/04\/macbook-12-5001.jpg\" alt=\"macbook-12-500\" width=\"500\" height=\"434\" class=\"alignnone size-full wp-image-75359\" srcset=\"https:\/\/images.ifun.de\/wp-content\/uploads\/2015\/04\/macbook-12-5001.jpg 500w, https:\/\/images.ifun.de\/wp-content\/uploads\/2015\/04\/macbook-12-5001-300x260.jpg 300w\" sizes=\"auto, (max-width: 500px) 100vw, 500px\" \/><\/a><\/p>\n<p>Im <a href=\"http:\/\/ifun.de\/applestore\/http:\/\/store.apple.com\/de\/go\/home\">Apple Online-Store<\/a> wird die voraussichtliche Versandzeit der 2,5-GHz-Version des 15\u201c MacBook Pro mit Retina-Bildschirm derzeit mit 2 bis 3 Wochen Wartezeit angegeben und auch die \u201eBuilt-to-order\u201c-Variante des Ger\u00e4ts erf\u00e4hrt Verz\u00f6gerungen. Ein Leser teilt uns mit, dass sein urspr\u00fcnglich f\u00fcr 4. bis 8. Mai vorgesehener Liefertermin nun auf den 25. Mai verschoben wurde. Apple dazu:<\/p>\n<blockquote>\n<p>Leider k\u00f6nnen wir das voraussichtliche Versanddatum f\u00fcr Ihre Bestellung nicht einhalten, weil die Nachfrage h\u00f6her als erwartet war.<\/p>\n<\/blockquote>\n<p>Falls weitere Leser \u00e4hnliche Erfahrungen gemacht haben, freuen sich eure Leidensgenossen \u00fcber einen Hinweis in den Kommentaren.<\/p>\n<p>Daf\u00fcr scheint aber der Versand des neuen MacBook nun endlich in Gang zu kommen. Hier erreichen uns jede Menge E-Mails von Lesern, die Versandmitteilungen erhalten haben. Die ersten Ger\u00e4te sollten noch in dieser Woche bei den Kunden eintreffen.<\/p>\n","protected":false},"excerpt":{"rendered":"<a href=\"https:\/\/www.ifun.de\/15-macbook-pro-mit-lieferproblemen-versand-fuer-neues-12-macbook-laeuft-76421\/\"><img width=\"150\" height=\"150\" src=\"https:\/\/images.ifun.de\/wp-content\/uploads\/2015\/04\/macbook-12-5001-150x150.jpg\" class=\"alignright tfe wp-post-image\" alt=\"\" decoding=\"async\" loading=\"lazy\" \/><\/a><p>W\u00e4hrend fr\u00fche Besteller des neuen MacBook sich seit gestern \u00fcber eintreffende Versandbest\u00e4tigungen freuen, scheint es bei der Auslieferung des MacBook Pro mit 15\u201c Bildschirmgr\u00f6\u00dfe Probleme zu geben. Apple legt hier offenbar gerade einige Bestellungen auf Eis. Im Apple Online-Store wird die voraussichtliche Versandzeit der 2,5-GHz-Version des 15\u201c MacBook Pro mit Retina-Bildschirm derzeit mit 2 bis [&hellip;]<\/p>\n","protected":false},"author":2,"featured_media":75359,"comment_status":"open","ping_status":"closed","sticky":false,"template":"","format":"standard","meta":{"_acf_changed":false,"footnotes":""},"categories":[16],"tags":[4736,6321,144],"class_list":["post-76421","post","type-post","status-publish","format-standard","has-post-thumbnail","hentry","category-mac","tag-apple","tag-mac","tag-macbook"],"acf":[],"aioseo_notices":[],"featured_image":["http:\/\/images.ifun.de\/wp-content\/uploads\/2015\/04\/macbook-12-header.jpg","http:\/\/images.ifun.de\/wp-content\/uploads\/2015\/04\/macbook-12-header.jpg"],"rest_api_enabler":{"featured_image":["http:\/\/images.ifun.de\/wp-content\/uploads\/2015\/04\/macbook-12-header.jpg","http:\/\/images.ifun.de\/wp-content\/uploads\/2015\/04\/macbook-12-header.jpg"]},"_links":{"self":[{"href":"https:\/\/www.ifun.de\/apiv2\/wp\/v2\/posts\/76421","targetHints":{"allow":["GET"]}}],"collection":[{"href":"https:\/\/www.ifun.de\/apiv2\/wp\/v2\/posts"}],"about":[{"href":"https:\/\/www.ifun.de\/apiv2\/wp\/v2\/types\/post"}],"author":[{"embeddable":true,"href":"https:\/\/www.ifun.de\/apiv2\/wp\/v2\/users\/2"}],"replies":[{"embeddable":true,"href":"https:\/\/www.ifun.de\/apiv2\/wp\/v2\/comments?post=76421"}],"version-history":[{"count":3,"href":"https:\/\/www.ifun.de\/apiv2\/wp\/v2\/posts\/76421\/revisions"}],"predecessor-version":[{"id":76737,"href":"https:\/\/www.ifun.de\/apiv2\/wp\/v2\/posts\/76421\/revisions\/76737"}],"wp:featuredmedia":[{"embeddable":true,"href":"https:\/\/www.ifun.de\/apiv2\/wp\/v2\/media\/75359"}],"wp:attachment":[{"href":"https:\/\/www.ifun.de\/apiv2\/wp\/v2\/media?parent=76421"}],"wp:term":[{"taxonomy":"category","embeddable":true,"href":"https:\/\/www.ifun.de\/apiv2\/wp\/v2\/categories?post=76421"},{"taxonomy":"post_tag","embeddable":true,"href":"https:\/\/www.ifun.de\/apiv2\/wp\/v2\/tags?post=76421"}],"curies":[{"name":"wp","href":"https:\/\/api.w.org\/{rel}","templated":true}]}}