{"id":76292,"date":"2015-04-30T16:16:23","date_gmt":"2015-04-30T14:16:23","guid":{"rendered":"http:\/\/www.ifun.de\/?p=76292"},"modified":"2015-05-01T09:05:31","modified_gmt":"2015-05-01T07:05:31","slug":"macbook-12-landet-in-deutschen-apple-stores","status":"publish","type":"post","link":"https:\/\/www.ifun.de\/macbook-12-landet-in-deutschen-apple-stores-76292\/","title":{"rendered":"MacBook 12&#8243; landet in deutschen Apple Stores"},"content":{"rendered":"<p>Das <a href=\"http:\/\/www.ifun.de\/macbook-retina-12-apple-stellt-neue-macbook-generation-vor-74120\/\" title=\"12\u201c-MacBook\">neue MacBook<\/a> l\u00e4sst sich nun auch in Deutschland begutachten. Sp\u00e4testens Anfang n\u00e4chster Woche sollten alle <a href=\"http:\/\/apple.de\/retail\">14 deutschen Apple Stores<\/a> mit Ausstellungsger\u00e4ten best\u00fcckt sein.<\/p>\n<p><a href=\"http:\/\/images.ifun.de\/wp-content\/uploads\/2015\/04\/macbook-12-5001.jpg\"><img loading=\"lazy\" decoding=\"async\" src=\"http:\/\/images.ifun.de\/wp-content\/uploads\/2015\/04\/macbook-12-5001.jpg\" alt=\"macbook-12-500\" width=\"500\" height=\"434\" class=\"alignnone size-full wp-image-75359\" srcset=\"https:\/\/images.ifun.de\/wp-content\/uploads\/2015\/04\/macbook-12-5001.jpg 500w, https:\/\/images.ifun.de\/wp-content\/uploads\/2015\/04\/macbook-12-5001-300x260.jpg 300w\" sizes=\"auto, (max-width: 500px) 100vw, 500px\" \/><\/a><\/p>\n<p>Mehreren Leserzuschriften zufolge wurden die Apple-Ladengesch\u00e4fte hierzulande bereits beliefert oder rechnen in K\u00fcrze damit. In K\u00f6ln beispielsweise kann das neuen MacBook mit 12\u201c-Bildschirm bereits heute in allen drei Farbvarianten bestaunt und ausprobiert werden (Danke Dennis) und der Apple Store am Hamburger Jungfernstieg will die Ger\u00e4te ab Samstag pr\u00e4sentieren. Aus weiteren deutschen Apple-Filialen h\u00f6rt man, dass die Notebooks dort von n\u00e4chster Woche an ausgestellt werden. Ob das Notebook dann auch in allen Filialen zur Mitnahme bereitsteht, bleibt abzuwarten.<\/p>\n<p>Apple hatte die Verf\u00fcgbarkeit des neuen MacBook urspr\u00fcnglich f\u00fcr den 10. April angek\u00fcndigt und mit dem Nichtvorhandensein an diesem Tag f\u00fcr Verwirrung und \u00c4rger gesorgt. Apples Vertiebschefin Angela Ahrendts entschuldigte diesen Missstand mit der starken Nachfrage nach dem Produkt.<\/p>\n","protected":false},"excerpt":{"rendered":"<a href=\"https:\/\/www.ifun.de\/macbook-12-landet-in-deutschen-apple-stores-76292\/\"><img width=\"150\" height=\"150\" src=\"https:\/\/images.ifun.de\/wp-content\/uploads\/2015\/04\/macbook-12-header-150x150.jpg\" class=\"alignright tfe wp-post-image\" alt=\"\" decoding=\"async\" loading=\"lazy\" \/><\/a><p>Das neue MacBook l\u00e4sst sich nun auch in Deutschland begutachten. Sp\u00e4testens Anfang n\u00e4chster Woche sollten alle 14 deutschen Apple Stores mit Ausstellungsger\u00e4ten best\u00fcckt sein. Mehreren Leserzuschriften zufolge wurden die Apple-Ladengesch\u00e4fte hierzulande bereits beliefert oder rechnen in K\u00fcrze damit. In K\u00f6ln beispielsweise kann das neuen MacBook mit 12\u201c-Bildschirm bereits heute in allen drei Farbvarianten bestaunt und [&hellip;]<\/p>\n","protected":false},"author":2,"featured_media":75358,"comment_status":"open","ping_status":"closed","sticky":false,"template":"","format":"standard","meta":{"_acf_changed":false,"footnotes":""},"categories":[16],"tags":[49,144,293],"class_list":["post-76292","post","type-post","status-publish","format-standard","has-post-thumbnail","hentry","category-mac","tag-apple-store","tag-macbook","tag-os-x"],"acf":[],"aioseo_notices":[],"featured_image":["http:\/\/images.ifun.de\/wp-content\/uploads\/2015\/04\/macbook-12-header.jpg","http:\/\/images.ifun.de\/wp-content\/uploads\/2015\/04\/macbook-12-header.jpg"],"rest_api_enabler":{"featured_image":["http:\/\/images.ifun.de\/wp-content\/uploads\/2015\/04\/macbook-12-header.jpg","http:\/\/images.ifun.de\/wp-content\/uploads\/2015\/04\/macbook-12-header.jpg"]},"_links":{"self":[{"href":"https:\/\/www.ifun.de\/apiv2\/wp\/v2\/posts\/76292","targetHints":{"allow":["GET"]}}],"collection":[{"href":"https:\/\/www.ifun.de\/apiv2\/wp\/v2\/posts"}],"about":[{"href":"https:\/\/www.ifun.de\/apiv2\/wp\/v2\/types\/post"}],"author":[{"embeddable":true,"href":"https:\/\/www.ifun.de\/apiv2\/wp\/v2\/users\/2"}],"replies":[{"embeddable":true,"href":"https:\/\/www.ifun.de\/apiv2\/wp\/v2\/comments?post=76292"}],"version-history":[{"count":6,"href":"https:\/\/www.ifun.de\/apiv2\/wp\/v2\/posts\/76292\/revisions"}],"predecessor-version":[{"id":76321,"href":"https:\/\/www.ifun.de\/apiv2\/wp\/v2\/posts\/76292\/revisions\/76321"}],"wp:featuredmedia":[{"embeddable":true,"href":"https:\/\/www.ifun.de\/apiv2\/wp\/v2\/media\/75358"}],"wp:attachment":[{"href":"https:\/\/www.ifun.de\/apiv2\/wp\/v2\/media?parent=76292"}],"wp:term":[{"taxonomy":"category","embeddable":true,"href":"https:\/\/www.ifun.de\/apiv2\/wp\/v2\/categories?post=76292"},{"taxonomy":"post_tag","embeddable":true,"href":"https:\/\/www.ifun.de\/apiv2\/wp\/v2\/tags?post=76292"}],"curies":[{"name":"wp","href":"https:\/\/api.w.org\/{rel}","templated":true}]}}