{"id":76214,"date":"2015-04-29T11:00:27","date_gmt":"2015-04-29T09:00:27","guid":{"rendered":"http:\/\/www.ifun.de\/?p=76214"},"modified":"2015-04-29T11:00:27","modified_gmt":"2015-04-29T09:00:27","slug":"schritt-fuer-schritt-erkaert-was-passiert-beim-start-eures-mac","status":"publish","type":"post","link":"https:\/\/www.ifun.de\/schritt-fuer-schritt-erkaert-was-passiert-beim-start-eures-mac-76214\/","title":{"rendered":"Schritt f\u00fcr Schritt erk\u00e4rt: Was passiert beim Start eures Mac?"},"content":{"rendered":"<p>Was macht eigentlich euer Mac nach dem Dr\u00fccken der Einschalttaste genau? Der Startvorgang von OS X ist in mehrere Schritte unterteilt und die Bildschirmanzeige gibt Aufschluss \u00fcber die jeweils im Hintergrund laufenden Prozesse. Unser Beispiel zeigt das Ganze anhand der aktuellen Version OS X 10.10 Yosemite.<\/p>\n<p>Nach dem Dr\u00fccken der Einschalttaste h\u00f6rt ihr den Startsound des Systems und das Ger\u00e4t f\u00fchrt ein paar Selbsttests durch, dabei wird unter anderem der Ger\u00e4tespeicher gecheckt. Sollten hier Fehler vorliegen, signalisiert der Mac dies durch <a href=\"https:\/\/support.apple.com\/de-de\/HT201702\">akustische Signale<\/a>.<\/p>\n<h2>Bildschirm wird aktiviert<\/h2>\n<p><a href=\"http:\/\/images.ifun.de\/wp-content\/uploads\/2015\/04\/mac-schwarzer-bildschirm.jpg\"><img loading=\"lazy\" decoding=\"async\" src=\"http:\/\/images.ifun.de\/wp-content\/uploads\/2015\/04\/mac-schwarzer-bildschirm.jpg\" alt=\"mac-schwarzer-bildschirm\" width=\"550\" height=\"327\" class=\"alignnone size-full wp-image-76224\" srcset=\"https:\/\/images.ifun.de\/wp-content\/uploads\/2015\/04\/mac-schwarzer-bildschirm.jpg 550w, https:\/\/images.ifun.de\/wp-content\/uploads\/2015\/04\/mac-schwarzer-bildschirm-300x178.jpg 300w\" sizes=\"auto, (max-width: 550px) 100vw, 550px\" \/><\/a><\/p>\n<p>Im Anschluss an diese Tests wird ein Videosignal an den Bildschirm geschickt. Dabei wird die Hintergrundbeleuchtung aktiviert, der Bildschirm selbst erscheint schwarz oder grau.<\/p>\n<h2>Festplatte entschl\u00fcsseln<\/h2>\n<p><a href=\"http:\/\/images.ifun.de\/wp-content\/uploads\/2015\/04\/mac-filevault-login.jpg\"><img loading=\"lazy\" decoding=\"async\" src=\"http:\/\/images.ifun.de\/wp-content\/uploads\/2015\/04\/mac-filevault-login.jpg\" alt=\"mac-filevault-login\" width=\"550\" height=\"327\" class=\"alignnone size-full wp-image-76223\" srcset=\"https:\/\/images.ifun.de\/wp-content\/uploads\/2015\/04\/mac-filevault-login.jpg 550w, https:\/\/images.ifun.de\/wp-content\/uploads\/2015\/04\/mac-filevault-login-300x178.jpg 300w\" sizes=\"auto, (max-width: 550px) 100vw, 550px\" \/><\/a><\/p>\n<p>Sofern ihr Apples Festplattenverschl\u00fcsselung FileVault aktiviert habt, werdet ihr nun um Anmeldung bzw. die Eingabe eures Kennworts gebeten. Nur so ist das Entschl\u00fcsseln der auf der Festplatte gespeicherten Daten und damit der weitere Startvorgang m\u00f6glich.<\/p>\n<h2>System starten<\/h2>\n<p><a href=\"http:\/\/images.ifun.de\/wp-content\/uploads\/2015\/04\/mac-start-fortschrittsbalken.jpg\"><img loading=\"lazy\" decoding=\"async\" src=\"http:\/\/images.ifun.de\/wp-content\/uploads\/2015\/04\/mac-start-fortschrittsbalken.jpg\" alt=\"mac-start-fortschrittsbalken\" width=\"550\" height=\"327\" class=\"alignnone size-full wp-image-76221\" srcset=\"https:\/\/images.ifun.de\/wp-content\/uploads\/2015\/04\/mac-start-fortschrittsbalken.jpg 550w, https:\/\/images.ifun.de\/wp-content\/uploads\/2015\/04\/mac-start-fortschrittsbalken-300x178.jpg 300w\" sizes=\"auto, (max-width: 550px) 100vw, 550px\" \/><\/a><\/p>\n<p>Ein Apple-Logo auf dem Bildschirm zeigt dann an, dass die f\u00fcr den Systemstart ben\u00f6tigten Dateien auf der als Startvolumen ausgew\u00e4hlten Festplatte gefunden wurden. Anschlie\u00dfend informiert eine Balkenanzeige \u00fcber den Fortschritt des Startvorgangs.<\/p>\n<h2>Benutzeranmeldung<\/h2>\n<p><a href=\"http:\/\/images.ifun.de\/wp-content\/uploads\/2015\/04\/mac-start-anmeldefenster.jpg\"><img loading=\"lazy\" decoding=\"async\" src=\"http:\/\/images.ifun.de\/wp-content\/uploads\/2015\/04\/mac-start-anmeldefenster.jpg\" alt=\"mac-start-anmeldefenster\" width=\"550\" height=\"327\" class=\"alignnone size-full wp-image-76220\" srcset=\"https:\/\/images.ifun.de\/wp-content\/uploads\/2015\/04\/mac-start-anmeldefenster.jpg 550w, https:\/\/images.ifun.de\/wp-content\/uploads\/2015\/04\/mac-start-anmeldefenster-300x178.jpg 300w\" sizes=\"auto, (max-width: 550px) 100vw, 550px\" \/><\/a><\/p>\n<p>Falls ihr die Festplattenverschl\u00fcsselung nicht aktiviert habt, aber einen Login f\u00fcr die Benutzung eures Computers voraussetzt, erscheint nun das entsprechende Anmeldefenster. Sofern die von euch eingegebenen Daten korrekt sind, steht euch im Anschluss der Mac in vollem Umfang zur Verf\u00fcgung.<\/p>\n<h2>Probleme und Fehlermeldungen beim Start des Mac<\/h2>\n<p>Die folgenden Symbole k\u00f6nnen bei Startproblemen erscheinen:<\/p>\n<h2>Akku leer<\/h2>\n<p><a href=\"http:\/\/images.ifun.de\/wp-content\/uploads\/2015\/04\/mac-start-akkusymbol.jpg\"><img loading=\"lazy\" decoding=\"async\" src=\"http:\/\/images.ifun.de\/wp-content\/uploads\/2015\/04\/mac-start-akkusymbol.jpg\" alt=\"mac-start-akkusymbol\" width=\"550\" height=\"327\" class=\"alignnone size-full wp-image-76219\" srcset=\"https:\/\/images.ifun.de\/wp-content\/uploads\/2015\/04\/mac-start-akkusymbol.jpg 550w, https:\/\/images.ifun.de\/wp-content\/uploads\/2015\/04\/mac-start-akkusymbol-300x178.jpg 300w\" sizes=\"auto, (max-width: 550px) 100vw, 550px\" \/><\/a><\/p>\n<p>Das Batteriesymbol deutet an, dass der Akku eures MacBook zu wenig Ladung hat und ihr zum Fortfahren ein Netzteil anschlie\u00dfen m\u00fcsst.<\/p>\n<h2>Netzwerkstart<\/h2>\n<p><a href=\"http:\/\/images.ifun.de\/wp-content\/uploads\/2015\/04\/mac-start-erdkugel.jpg\"><img loading=\"lazy\" decoding=\"async\" src=\"http:\/\/images.ifun.de\/wp-content\/uploads\/2015\/04\/mac-start-erdkugel.jpg\" alt=\"mac-start-erdkugel\" width=\"550\" height=\"327\" class=\"alignnone size-full wp-image-76218\" srcset=\"https:\/\/images.ifun.de\/wp-content\/uploads\/2015\/04\/mac-start-erdkugel.jpg 550w, https:\/\/images.ifun.de\/wp-content\/uploads\/2015\/04\/mac-start-erdkugel-300x178.jpg 300w\" sizes=\"auto, (max-width: 550px) 100vw, 550px\" \/><\/a><\/p>\n<p>Eine sich drehende Weltkugel anstelle des Apple-Logos informiert dar\u00fcber, dass euer Mac von einem Netzlaufwerk startet. In der Regel seht ihr dergleichen an Schulen oder in Unternehmen.<\/p>\n<h2>Kein Startlaufwerk<\/h2>\n<p><a href=\"http:\/\/images.ifun.de\/wp-content\/uploads\/2015\/04\/mac-start-fragezeichen.jpg\"><img loading=\"lazy\" decoding=\"async\" src=\"http:\/\/images.ifun.de\/wp-content\/uploads\/2015\/04\/mac-start-fragezeichen.jpg\" alt=\"mac-start-fragezeichen\" width=\"550\" height=\"327\" class=\"alignnone size-full wp-image-76217\" srcset=\"https:\/\/images.ifun.de\/wp-content\/uploads\/2015\/04\/mac-start-fragezeichen.jpg 550w, https:\/\/images.ifun.de\/wp-content\/uploads\/2015\/04\/mac-start-fragezeichen-300x178.jpg 300w\" sizes=\"auto, (max-width: 550px) 100vw, 550px\" \/><\/a><\/p>\n<p>Ein Ordnersymbol mit Fragezeichen bedeutet meist nichts Gutes. Euer Mac findet kein Startlaufwerk und muss im schlimmsten Fall wiederhergestellt werden. Zun\u00e4chst k\u00f6nnt ihr aber auch versuchen, die <a href=\"http:\/\/www.ifun.de\/unerklaerliche-mac-probleme-zugriffsrechte-reparieren-koennte-helfen-75840\/\">Zugriffsrechte zu reparieren<\/a>.<\/p>\n<h2>Falsche Systemversion<\/h2>\n<p><a href=\"http:\/\/images.ifun.de\/wp-content\/uploads\/2015\/04\/mac-start-verbotsschild.jpg\"><img loading=\"lazy\" decoding=\"async\" src=\"http:\/\/images.ifun.de\/wp-content\/uploads\/2015\/04\/mac-start-verbotsschild.jpg\" alt=\"mac-start-verbotsschild\" width=\"550\" height=\"327\" class=\"alignnone size-full wp-image-76216\" srcset=\"https:\/\/images.ifun.de\/wp-content\/uploads\/2015\/04\/mac-start-verbotsschild.jpg 550w, https:\/\/images.ifun.de\/wp-content\/uploads\/2015\/04\/mac-start-verbotsschild-300x178.jpg 300w\" sizes=\"auto, (max-width: 550px) 100vw, 550px\" \/><\/a><\/p>\n<p>Ein Verbotsschild bedeutet dagegen, dass der Mac zwar ein Betriebssystem gefunden hat, mit diesem aber nicht starten kann. Hier wird m\u00f6glicherweise eine <a href=\"https:\/\/support.apple.com\/kb\/PH18872?locale=de_DE\">Neuinstallation des Betriebsystems<\/a> f\u00e4llig.<\/p>\n","protected":false},"excerpt":{"rendered":"<a href=\"https:\/\/www.ifun.de\/schritt-fuer-schritt-erkaert-was-passiert-beim-start-eures-mac-76214\/\"><img width=\"150\" height=\"150\" src=\"https:\/\/images.ifun.de\/wp-content\/uploads\/2015\/04\/os-x-startsound-150x150.jpg\" class=\"alignright tfe wp-post-image\" alt=\"\" decoding=\"async\" loading=\"lazy\" \/><\/a><p>Was macht eigentlich euer Mac nach dem Dr\u00fccken der Einschalttaste genau? Der Startvorgang von OS X ist in mehrere Schritte unterteilt und die Bildschirmanzeige gibt Aufschluss \u00fcber die jeweils im Hintergrund laufenden Prozesse. Unser Beispiel zeigt das Ganze anhand der aktuellen Version OS X 10.10 Yosemite. Nach dem Dr\u00fccken der Einschalttaste h\u00f6rt ihr den Startsound [&hellip;]<\/p>\n","protected":false},"author":2,"featured_media":76225,"comment_status":"open","ping_status":"closed","sticky":false,"template":"","format":"standard","meta":{"_acf_changed":false,"footnotes":""},"categories":[16],"tags":[90,6321,293,2366],"class_list":["post-76214","post","type-post","status-publish","format-standard","has-post-thumbnail","hentry","category-mac","tag-basics","tag-mac","tag-os-x","tag-yosemite"],"acf":[],"aioseo_notices":[],"featured_image":["http:\/\/www.iphone-ticker.de\/wp-content\/uploads\/2015\/01\/update-header.jpg","http:\/\/www.iphone-ticker.de\/wp-content\/uploads\/2015\/01\/update-header.jpg","http:\/\/www.iphone-ticker.de\/wp-content\/uploads\/2015\/01\/update-header.jpg"],"rest_api_enabler":{"featured_image":["http:\/\/www.iphone-ticker.de\/wp-content\/uploads\/2015\/01\/update-header.jpg","http:\/\/www.iphone-ticker.de\/wp-content\/uploads\/2015\/01\/update-header.jpg","http:\/\/www.iphone-ticker.de\/wp-content\/uploads\/2015\/01\/update-header.jpg"]},"_links":{"self":[{"href":"https:\/\/www.ifun.de\/apiv2\/wp\/v2\/posts\/76214","targetHints":{"allow":["GET"]}}],"collection":[{"href":"https:\/\/www.ifun.de\/apiv2\/wp\/v2\/posts"}],"about":[{"href":"https:\/\/www.ifun.de\/apiv2\/wp\/v2\/types\/post"}],"author":[{"embeddable":true,"href":"https:\/\/www.ifun.de\/apiv2\/wp\/v2\/users\/2"}],"replies":[{"embeddable":true,"href":"https:\/\/www.ifun.de\/apiv2\/wp\/v2\/comments?post=76214"}],"version-history":[{"count":7,"href":"https:\/\/www.ifun.de\/apiv2\/wp\/v2\/posts\/76214\/revisions"}],"predecessor-version":[{"id":76231,"href":"https:\/\/www.ifun.de\/apiv2\/wp\/v2\/posts\/76214\/revisions\/76231"}],"wp:featuredmedia":[{"embeddable":true,"href":"https:\/\/www.ifun.de\/apiv2\/wp\/v2\/media\/76225"}],"wp:attachment":[{"href":"https:\/\/www.ifun.de\/apiv2\/wp\/v2\/media?parent=76214"}],"wp:term":[{"taxonomy":"category","embeddable":true,"href":"https:\/\/www.ifun.de\/apiv2\/wp\/v2\/categories?post=76214"},{"taxonomy":"post_tag","embeddable":true,"href":"https:\/\/www.ifun.de\/apiv2\/wp\/v2\/tags?post=76214"}],"curies":[{"name":"wp","href":"https:\/\/api.w.org\/{rel}","templated":true}]}}