{"id":76054,"date":"2015-04-23T18:31:39","date_gmt":"2015-04-23T16:31:39","guid":{"rendered":"http:\/\/www.ifun.de\/?p=76054"},"modified":"2015-04-23T18:31:39","modified_gmt":"2015-04-23T16:31:39","slug":"buchpreisbindung-kommt-auch-fuer-e-books","status":"publish","type":"post","link":"https:\/\/www.ifun.de\/buchpreisbindung-kommt-auch-fuer-e-books-76054\/","title":{"rendered":"Buchpreisbindung kommt auch f\u00fcr E-Books"},"content":{"rendered":"<p>Die Bundesregierung will die Buchpreisbindung per <a href=\"http:\/\/www.bmwi.de\/DE\/Presse\/pressemitteilungen,did=702562.html\">Gesetzes\u00e4nderung<\/a> auch f\u00fcr E-Books einf\u00fchren F\u00fcr elektronische Publikationen sollen somit k\u00fcnftig die selben Regeln wie f\u00fcr gedruckte B\u00fccher gelten.<\/p>\n<p><a href=\"http:\/\/images.ifun.de\/wp-content\/uploads\/2015\/04\/50028.jpg\"><img loading=\"lazy\" decoding=\"async\" src=\"http:\/\/images.ifun.de\/wp-content\/uploads\/2015\/04\/50028.jpg\" alt=\"500\" width=\"500\" height=\"334\" class=\"alignnone size-full wp-image-76056\" srcset=\"https:\/\/images.ifun.de\/wp-content\/uploads\/2015\/04\/50028.jpg 500w, https:\/\/images.ifun.de\/wp-content\/uploads\/2015\/04\/50028-300x200.jpg 300w\" sizes=\"auto, (max-width: 500px) 100vw, 500px\" \/><\/a><\/p>\n<h6>(Bild: <a href=\"http:\/\/www.shutterstock.com\/\">Shutterstock<\/a>)<\/h6>\n<p>In Folge dieser Entscheidung werden sich die Preise f\u00fcr E-Books nicht erh\u00f6hen, es ist fortan aber per Gesetz ausgeschlossen, dass einzelne H\u00e4ndler gewisse B\u00fccher mit Sonderpreisen bewerben. Dergleichen war aber auch bisher schon die Ausnahme. Die bisher fehlende Rechtssicherheit zwang Anbieter wie Amazon zur Vorsicht und Preissenkungen wie aktuell zum \u201e<a href=\"http:\/\/www.ifun.de\/kindle-e-book-reader-und-diverse-netzwerk-und-speicherprodukte-im-angebot-76003\/\">Tag des Buches<\/a>\u201c wurden nur in Absprache mit den Verlagen und dann \u00fcber alle Anbieter hinweg durchgef\u00fchrt.<\/p>\n<p>Ob es sich hierbei also zum einen Schritt zum Schutz der Verbraucher handelt, wie uns der <a href=\"http:\/\/www.boersenverein.de\/de\/portal\/index.html?meldung_id=957272\">B\u00f6rsenverein des deutschen Buchhandels<\/a> und auch Wirtschaftsminister Sigmar Gabriel Glauben machen wollen, ist diskutabel. Die Verlage und hoffentlich damit auch die Autoren d\u00fcrften von der Neuregelung profitieren.<\/p>\n","protected":false},"excerpt":{"rendered":"<a href=\"https:\/\/www.ifun.de\/buchpreisbindung-kommt-auch-fuer-e-books-76054\/\"><img width=\"150\" height=\"150\" src=\"https:\/\/images.ifun.de\/wp-content\/uploads\/2015\/04\/50028-150x150.jpg\" class=\"alignright tfe wp-post-image\" alt=\"\" decoding=\"async\" loading=\"lazy\" \/><\/a><p>Die Bundesregierung will die Buchpreisbindung per Gesetzes\u00e4nderung auch f\u00fcr E-Books einf\u00fchren F\u00fcr elektronische Publikationen sollen somit k\u00fcnftig die selben Regeln wie f\u00fcr gedruckte B\u00fccher gelten. (Bild: Shutterstock) In Folge dieser Entscheidung werden sich die Preise f\u00fcr E-Books nicht erh\u00f6hen, es ist fortan aber per Gesetz ausgeschlossen, dass einzelne H\u00e4ndler gewisse B\u00fccher mit Sonderpreisen bewerben. Dergleichen [&hellip;]<\/p>\n","protected":false},"author":2,"featured_media":76056,"comment_status":"open","ping_status":"closed","sticky":false,"template":"","format":"standard","meta":{"_acf_changed":false,"footnotes":""},"categories":[1],"tags":[297,298],"class_list":["post-76054","post","type-post","status-publish","format-standard","has-post-thumbnail","hentry","category-news","tag-bucher","tag-e-books"],"acf":[],"aioseo_notices":[],"featured_image":["http:\/\/images.ifun.de\/wp-content\/uploads\/2015\/04\/header48.jpg","http:\/\/images.ifun.de\/wp-content\/uploads\/2015\/04\/header48.jpg"],"rest_api_enabler":{"featured_image":["http:\/\/images.ifun.de\/wp-content\/uploads\/2015\/04\/header48.jpg","http:\/\/images.ifun.de\/wp-content\/uploads\/2015\/04\/header48.jpg"]},"_links":{"self":[{"href":"https:\/\/www.ifun.de\/apiv2\/wp\/v2\/posts\/76054","targetHints":{"allow":["GET"]}}],"collection":[{"href":"https:\/\/www.ifun.de\/apiv2\/wp\/v2\/posts"}],"about":[{"href":"https:\/\/www.ifun.de\/apiv2\/wp\/v2\/types\/post"}],"author":[{"embeddable":true,"href":"https:\/\/www.ifun.de\/apiv2\/wp\/v2\/users\/2"}],"replies":[{"embeddable":true,"href":"https:\/\/www.ifun.de\/apiv2\/wp\/v2\/comments?post=76054"}],"version-history":[{"count":3,"href":"https:\/\/www.ifun.de\/apiv2\/wp\/v2\/posts\/76054\/revisions"}],"predecessor-version":[{"id":76059,"href":"https:\/\/www.ifun.de\/apiv2\/wp\/v2\/posts\/76054\/revisions\/76059"}],"wp:featuredmedia":[{"embeddable":true,"href":"https:\/\/www.ifun.de\/apiv2\/wp\/v2\/media\/76056"}],"wp:attachment":[{"href":"https:\/\/www.ifun.de\/apiv2\/wp\/v2\/media?parent=76054"}],"wp:term":[{"taxonomy":"category","embeddable":true,"href":"https:\/\/www.ifun.de\/apiv2\/wp\/v2\/categories?post=76054"},{"taxonomy":"post_tag","embeddable":true,"href":"https:\/\/www.ifun.de\/apiv2\/wp\/v2\/tags?post=76054"}],"curies":[{"name":"wp","href":"https:\/\/api.w.org\/{rel}","templated":true}]}}