{"id":75650,"date":"2015-04-14T19:01:03","date_gmt":"2015-04-14T17:01:03","guid":{"rendered":"http:\/\/www.ifun.de\/?p=75650"},"modified":"2015-04-14T19:01:03","modified_gmt":"2015-04-14T17:01:03","slug":"wwdc-spekulation-apple-tv-als-epizentrum-des-wandels","status":"publish","type":"post","link":"https:\/\/www.ifun.de\/wwdc-spekulation-apple-tv-als-epizentrum-des-wandels-75650\/","title":{"rendered":"WWDC-Spekulation: Apple TV als &#8222;Epizentrum des Wandels&#8220;?"},"content":{"rendered":"<p>Zum Tagesabschluss wollen wir euch noch ein wenig zum Spekulieren einladen: Worum wird sich die diesj\u00e4hrige Apple-Konferenz <a href=\"http:\/\/www.ifun.de\/apple-entwicklerkonferenz-wwdc-2015-startet-am-8-juni-75629\/\" title=\"Apple Entwicklerkonferenz WWDC 2015 startet am 8. Juni\">WWDC<\/a> vorrangig drehen? Apple selbst spricht in der Ank\u00fcndigung ja vom \u201eEpizentrum des Wandels\u201c und bringt dieses Motto in einem Logo unter, dessen Zentrum mehr als deutlich an die Set-Top-Box <a href=\"http:\/\/www.ifun.de\/apple-tv\/\">Apple TV<\/a> erinnert.<\/p>\n<p><a href=\"http:\/\/images.ifun.de\/wp-content\/uploads\/2015\/04\/wwdc-apple-tv.jpg\"><img loading=\"lazy\" decoding=\"async\" src=\"http:\/\/images.ifun.de\/wp-content\/uploads\/2015\/04\/wwdc-apple-tv.jpg\" alt=\"wwdc-apple-tv\" width=\"500\" height=\"473\" class=\"alignnone size-full wp-image-75641\" srcset=\"https:\/\/images.ifun.de\/wp-content\/uploads\/2015\/04\/wwdc-apple-tv.jpg 500w, https:\/\/images.ifun.de\/wp-content\/uploads\/2015\/04\/wwdc-apple-tv-300x284.jpg 300w\" sizes=\"auto, (max-width: 500px) 100vw, 500px\" \/><\/a><\/p>\n<p>Sicher werden die Apple Watch, iOS 9 sowie der Nachfolger f\u00fcr OS X Yosemite vom 8. bis 12. Juni ein Thema sein. W\u00e4hrend sich in diesen Bereichen hier die Neuerungen aber eher in Grenzen halten d\u00fcrften und Apple hier vermutlich vorrangig Produktpflege betreiben wird, j\u00e4hrt sich im Juni die Ank\u00fcndigung der Heimautomatisierungszentrale <a href=\"http:\/\/www.ifun.de\/was-ist-homekit-wird-apple-tv-zur-smarthome-zentrale-63165\/\">HomeKit<\/a>, ohne das hier seither viel geschehen w\u00e4re. Wir erinnern uns: Am 2. Juni 2014 wurde HomeKit als Bestandteil des Entwicklerkits f\u00fcr iOS 8 vorgestellt, am 17. September wurde iOS 8 dann ohne HomeKit ver\u00f6ffentlicht und wenn Apple sich nicht sputet, springt die HomeKit-Entwicklungsumgebung ohne Freigabe f\u00fcr die Allgemeinheit in die n\u00e4chsth\u00f6here iOS-Version 9.<\/p>\n<p>Nehmen wir das Logo aber als Hinweis auf ein \u00fcberarbeitetes Apple TV, so f\u00fcgt sich vielleicht 1 und 1 zusammen. Apple TV wartet l\u00e4ngst auf neue Funktionen und Inhalte und mit Blick auf die Konkurrenz scheint es beinahe unm\u00f6glich, dass Apple noch l\u00e4nger auf eine Erweiterung der Box inklusive der Option, eigene Anwendungen zu installieren, verzichtet. Gleichzeitig gilt es als sicher, dass Apple TV k\u00fcnftig auch <a href=\"http:\/\/www.ifun.de\/apple-tv-hub-homekit-66313\/\">als zentraler Hub<\/a> f\u00fcr Apples Heimautomatisierungs-Schnittstelle fungiert. Eine neue Version k\u00f6nnte hardwareseitig besser auf diesen Job vorbereitet sein, vielleicht gar eigenst\u00e4ndig als leistungsf\u00e4higer WLAN-Hotspot oder Bluetooth-Hub fungieren.<\/p>\n<p>Apple TV als \u201eEpizentrum des Wandels\u201c? 55 Tage m\u00fcssen wir uns noch gedulden, dann wissen wir mehr.<\/p>\n","protected":false},"excerpt":{"rendered":"<a href=\"https:\/\/www.ifun.de\/wwdc-spekulation-apple-tv-als-epizentrum-des-wandels-75650\/\"><img width=\"150\" height=\"150\" src=\"https:\/\/images.ifun.de\/wp-content\/uploads\/2015\/04\/header22-150x150.jpg\" class=\"alignright tfe wp-post-image\" alt=\"\" decoding=\"async\" loading=\"lazy\" \/><\/a><p>Zum Tagesabschluss wollen wir euch noch ein wenig zum Spekulieren einladen: Worum wird sich die diesj\u00e4hrige Apple-Konferenz WWDC vorrangig drehen? Apple selbst spricht in der Ank\u00fcndigung ja vom \u201eEpizentrum des Wandels\u201c und bringt dieses Motto in einem Logo unter, dessen Zentrum mehr als deutlich an die Set-Top-Box Apple TV erinnert. Sicher werden die Apple Watch, [&hellip;]<\/p>\n","protected":false},"author":2,"featured_media":75654,"comment_status":"open","ping_status":"closed","sticky":false,"template":"","format":"standard","meta":{"_acf_changed":false,"footnotes":""},"categories":[4],"tags":[26,2367,353],"class_list":["post-75650","post","type-post","status-publish","format-standard","has-post-thumbnail","hentry","category-appletv","tag-apple-tv","tag-homekit","tag-wwdc"],"acf":[],"aioseo_notices":[],"featured_image":["http:\/\/images.ifun.de\/wp-content\/uploads\/2015\/04\/header22.jpg"],"rest_api_enabler":{"featured_image":"http:\/\/images.ifun.de\/wp-content\/uploads\/2015\/04\/header22.jpg"},"_links":{"self":[{"href":"https:\/\/www.ifun.de\/apiv2\/wp\/v2\/posts\/75650","targetHints":{"allow":["GET"]}}],"collection":[{"href":"https:\/\/www.ifun.de\/apiv2\/wp\/v2\/posts"}],"about":[{"href":"https:\/\/www.ifun.de\/apiv2\/wp\/v2\/types\/post"}],"author":[{"embeddable":true,"href":"https:\/\/www.ifun.de\/apiv2\/wp\/v2\/users\/2"}],"replies":[{"embeddable":true,"href":"https:\/\/www.ifun.de\/apiv2\/wp\/v2\/comments?post=75650"}],"version-history":[{"count":3,"href":"https:\/\/www.ifun.de\/apiv2\/wp\/v2\/posts\/75650\/revisions"}],"predecessor-version":[{"id":75653,"href":"https:\/\/www.ifun.de\/apiv2\/wp\/v2\/posts\/75650\/revisions\/75653"}],"wp:featuredmedia":[{"embeddable":true,"href":"https:\/\/www.ifun.de\/apiv2\/wp\/v2\/media\/75654"}],"wp:attachment":[{"href":"https:\/\/www.ifun.de\/apiv2\/wp\/v2\/media?parent=75650"}],"wp:term":[{"taxonomy":"category","embeddable":true,"href":"https:\/\/www.ifun.de\/apiv2\/wp\/v2\/categories?post=75650"},{"taxonomy":"post_tag","embeddable":true,"href":"https:\/\/www.ifun.de\/apiv2\/wp\/v2\/tags?post=75650"}],"curies":[{"name":"wp","href":"https:\/\/api.w.org\/{rel}","templated":true}]}}